{"id":236650,"date":"2023-01-19T15:09:33","date_gmt":"2023-01-19T19:09:33","guid":{"rendered":"https:\/\/elluchador.info\/web\/?p=236650"},"modified":"2023-01-19T15:09:33","modified_gmt":"2023-01-19T19:09:33","slug":"boluarte-despliega-mas-de-10-000-policias-para-controlar-la-multitudinaria-toma-de-lima","status":"publish","type":"post","link":"https:\/\/elluchador.info\/?p=236650","title":{"rendered":"Boluarte despliega m\u00e1s de 10.000 polic\u00edas para \u00abcontrolar\u00bb la multitudinaria &#8216;Toma de Lima&#8217;"},"content":{"rendered":"<p>El Gobierno de Dina Boluarte en Per\u00fa orden\u00f3 desplegar este jueves m\u00e1s de 10.000 efectivos policiales para \u00abresguardar\u00bb y \u00abcontrolar\u00bb la llamada &#8216;Toma de Lima&#8217;, una marcha multitudinaria convocada por la ciudadan\u00eda y organizaciones sociales para exigir la renuncia de la mandataria y la convocatoria inmediata a elecciones generales.<\/p>\n<p>El descontento generalizado contra el r\u00e9gimen de Boluarte, que mantiene al pa\u00eds en vilo y bajo una ola de protestas desde el pasado 7 de diciembre, cuando fue destituido y encarcelado el expresidente Pedro Castillo, ha radicalizado la crisis pol\u00edtica e institucional en Per\u00fa, que tras m\u00e1s de un mes de manifestaciones contabiliza medio centenar de fallecidos por la fuerte represi\u00f3n de la fuerza p\u00fablica.<\/p>\n<p>La Polic\u00eda Nacional de Per\u00fa detall\u00f3 que los m\u00e1s de 10.000 uniformados prestar\u00e1n \u00abtoda la seguridad en la marcha para mantener el orden interno y p\u00fablico del pa\u00eds\u00bb. Adem\u00e1s, inform\u00f3 que autoridades de la Fiscal\u00eda peruana han verificado \u00ablos implementos y el despliegue de los efectivos policiales\u00bb para la jornada.<\/p>\n<p>La movilizaci\u00f3n multitudinaria que convoc\u00f3 a miles de manifestantes de los cuatro puntos cardinales del pa\u00eds, sobre todo del llamado \u00abPer\u00fa profundo\u00bb, ya empez\u00f3 a movilizarse en la capital peruana. Personas de las provincias m\u00e1s lejanas a Lima y donde se han registrado los hechos represivos m\u00e1s brutales contra las protestas, hacen presencia desde principios de esta semana.<\/p>\n<p>Por su parte, el Ministerio P\u00fablico inform\u00f3 que \u00abrealizar\u00e1 acciones en distintos puntos de la capital, para prevenir la comisi\u00f3n de eventuales delitos y garantizar los derechos de los ciudadanos que participar\u00e1n en movilizaciones\u00bb.<\/p>\n<p>Para ello, activaron 50 fiscales \u00aben zonas estrat\u00e9gicas de Lima Metropolitana, para exhortar a los efectivos policiales a hacer uso proporcional de la fuerza durante las manifestaciones, e invocar a la ciudadan\u00eda a movilizarse de forma pac\u00edfica\u00bb.<\/p>\n<p>La movilizaci\u00f3n convocada para este jueves, que incorpora tambi\u00e9n un llamado a paro nacional, busca emular la m\u00edtica &#8216;Marcha de los cuatro suyos&#8217;, en referencia a la protesta que se alz\u00f3 contra el entonces mandatario Alberto Fujimori en 2000.<\/p>\n<p>Manifestantes de Cusco, Cajamarca, La Libertad, Amazonas, Arequipa, Moquegua, Puno e Ica son los que han promovido la marcha multitudinaria, en la que buscan alzar su voz por la reforma plena del Estado peruano, que lograr\u00edan a trav\u00e9s de una Asamblea Constituyente y que consideran fundamental para vivir en \u00abuna democracia verdadera\u00bb, que acabe contra lo que califican como la \u00abdictadura del Congreso\u00bb en el pa\u00eds.<\/p>\n<p>Desde inicios de semana, las movilizaciones desde las distintas provincias peruanas con destino a Lima se han viralizado en redes sociales, donde se observan a miles de ciudadanos despidiendo y alentando a sus compa\u00f1eros de lucha que se dirigen hacia la capital.<\/p>\n<p>Por su parte, la presidenta Boluarte ha dicho que ella no va a renunciar y que no puede cumplir con todas las demandas de los manifestantes. Adem\u00e1s, asegura que su gobierno es de transici\u00f3n y que las protestas ser\u00edan promovidas por sectores violentos y bajo \u00abcoacci\u00f3n\u00bb.<\/p>\n<p>Con informaci\u00f3n de www.globovision.com<\/p>\n","protected":false},"excerpt":{"rendered":"<p>El Gobierno de Dina Boluarte en Per\u00fa orden\u00f3 desplegar este jueves m\u00e1s de 10.000 efectivos policiales para \u00abresguardar\u00bb y \u00abcontrolar\u00bb la llamada &#8216;Toma de Lima&#8217;, una marcha multitudinaria convocada por la ciudadan\u00eda y organizaciones sociales para exigir la renuncia de la mandataria y la convocatoria inmediata a elecciones generales. El descontento generalizado contra el r\u00e9gimen [&hellip;]<\/p>\n","protected":false},"author":19,"featured_media":236651,"comment_status":"closed","ping_status":"closed","sticky":false,"template":"","format":"standard","meta":{"footnotes":""},"categories":[8],"tags":[],"class_list":{"0":"post-236650","1":"post","2":"type-post","3":"status-publish","4":"format-standard","5":"has-post-thumbnail","7":"category-internacionales"},"_links":{"self":[{"href":"https:\/\/elluchador.info\/index.php?rest_route=\/wp\/v2\/posts\/236650","targetHints":{"allow":["GET"]}}],"collection":[{"href":"https:\/\/elluchador.info\/index.php?rest_route=\/wp\/v2\/posts"}],"about":[{"href":"https:\/\/elluchador.info\/index.php?rest_route=\/wp\/v2\/types\/post"}],"author":[{"embeddable":true,"href":"https:\/\/elluchador.info\/index.php?rest_route=\/wp\/v2\/users\/19"}],"replies":[{"embeddable":true,"href":"https:\/\/elluchador.info\/index.php?rest_route=%2Fwp%2Fv2%2Fcomments&post=236650"}],"version-history":[{"count":1,"href":"https:\/\/elluchador.info\/index.php?rest_route=\/wp\/v2\/posts\/236650\/revisions"}],"predecessor-version":[{"id":236652,"href":"https:\/\/elluchador.info\/index.php?rest_route=\/wp\/v2\/posts\/236650\/revisions\/236652"}],"wp:featuredmedia":[{"embeddable":true,"href":"https:\/\/elluchador.info\/index.php?rest_route=\/wp\/v2\/media\/236651"}],"wp:attachment":[{"href":"https:\/\/elluchador.info\/index.php?rest_route=%2Fwp%2Fv2%2Fmedia&parent=236650"}],"wp:term":[{"taxonomy":"category","embeddable":true,"href":"https:\/\/elluchador.info\/index.php?rest_route=%2Fwp%2Fv2%2Fcategories&post=236650"},{"taxonomy":"post_tag","embeddable":true,"href":"https:\/\/elluchador.info\/index.php?rest_route=%2Fwp%2Fv2%2Ftags&post=236650"}],"curies":[{"name":"wp","href":"https:\/\/api.w.org\/{rel}","templated":true}]}}