{"id":236653,"date":"2023-01-19T15:13:52","date_gmt":"2023-01-19T19:13:52","guid":{"rendered":"https:\/\/elluchador.info\/web\/?p=236653"},"modified":"2023-01-19T15:13:52","modified_gmt":"2023-01-19T19:13:52","slug":"an-dara-continuidad-a-debate-de-la-ley-especial-del-trabajo-de-personas-con-discapacidad","status":"publish","type":"post","link":"https:\/\/elluchador.info\/?p=236653","title":{"rendered":"AN dar\u00e1 continuidad a debate de la Ley Especial del Trabajo de Personas con Discapacidad"},"content":{"rendered":"<p>La Asamblea Nacional (AN) aprob\u00f3 este jueves dar continuidad al debate de la Ley Especial del Trabajo de Personas con Discapacidad.<\/p>\n<p>Tras debatir en segunda discusi\u00f3n en el Hemiciclo Protocolar del Palacio Federal Legislativo, en Caracas, los legisladores acordaron la revisi\u00f3n estructural de los art\u00edculos siguientes al n\u00famero 14, donde culmin\u00f3 el debate.<\/p>\n<p>En el pleno estuvieron presentes los trabajadores con discapacidad e invitados especiales, que han formado parte del trabajo en la elaboraci\u00f3n de la Ley.<\/p>\n<p>Esta ley fue aprobada en primera discusi\u00f3n el pasado 15 de julio de 2022 con el objetivo de \u00abapoyar y garantizar la justicia social, la inclusi\u00f3n, protecci\u00f3n, defensa y atenci\u00f3n integral del sector\u00bb, rese\u00f1a la AN.<\/p>\n<p>Entre los beneficios de esta ley destacan la integraci\u00f3n plena al trabajo de las personas con discapacidad, con justicia y dignidad; la inamovilidad laboral ante cualquier accidente laboral y el goce de una pol\u00edtica p\u00fablica permanente como lo establece la Organizaci\u00f3n Internacional del Trabajo (OIT).<\/p>\n<p>Con informaci\u00f3n de www.globovision.com<\/p>\n","protected":false},"excerpt":{"rendered":"<p>La Asamblea Nacional (AN) aprob\u00f3 este jueves dar continuidad al debate de la Ley Especial del Trabajo de Personas con Discapacidad. Tras debatir en segunda discusi\u00f3n en el Hemiciclo Protocolar del Palacio Federal Legislativo, en Caracas, los legisladores acordaron la revisi\u00f3n estructural de los art\u00edculos siguientes al n\u00famero 14, donde culmin\u00f3 el debate. En el [&hellip;]<\/p>\n","protected":false},"author":19,"featured_media":236654,"comment_status":"closed","ping_status":"closed","sticky":false,"template":"","format":"standard","meta":{"footnotes":""},"categories":[11],"tags":[],"class_list":{"0":"post-236653","1":"post","2":"type-post","3":"status-publish","4":"format-standard","5":"has-post-thumbnail","7":"category-politica"},"_links":{"self":[{"href":"https:\/\/elluchador.info\/index.php?rest_route=\/wp\/v2\/posts\/236653","targetHints":{"allow":["GET"]}}],"collection":[{"href":"https:\/\/elluchador.info\/index.php?rest_route=\/wp\/v2\/posts"}],"about":[{"href":"https:\/\/elluchador.info\/index.php?rest_route=\/wp\/v2\/types\/post"}],"author":[{"embeddable":true,"href":"https:\/\/elluchador.info\/index.php?rest_route=\/wp\/v2\/users\/19"}],"replies":[{"embeddable":true,"href":"https:\/\/elluchador.info\/index.php?rest_route=%2Fwp%2Fv2%2Fcomments&post=236653"}],"version-history":[{"count":1,"href":"https:\/\/elluchador.info\/index.php?rest_route=\/wp\/v2\/posts\/236653\/revisions"}],"predecessor-version":[{"id":236655,"href":"https:\/\/elluchador.info\/index.php?rest_route=\/wp\/v2\/posts\/236653\/revisions\/236655"}],"wp:featuredmedia":[{"embeddable":true,"href":"https:\/\/elluchador.info\/index.php?rest_route=\/wp\/v2\/media\/236654"}],"wp:attachment":[{"href":"https:\/\/elluchador.info\/index.php?rest_route=%2Fwp%2Fv2%2Fmedia&parent=236653"}],"wp:term":[{"taxonomy":"category","embeddable":true,"href":"https:\/\/elluchador.info\/index.php?rest_route=%2Fwp%2Fv2%2Fcategories&post=236653"},{"taxonomy":"post_tag","embeddable":true,"href":"https:\/\/elluchador.info\/index.php?rest_route=%2Fwp%2Fv2%2Ftags&post=236653"}],"curies":[{"name":"wp","href":"https:\/\/api.w.org\/{rel}","templated":true}]}}