{"id":236660,"date":"2023-01-19T18:57:23","date_gmt":"2023-01-19T22:57:23","guid":{"rendered":"https:\/\/elluchador.info\/web\/?p=236660"},"modified":"2023-01-19T18:57:23","modified_gmt":"2023-01-19T22:57:23","slug":"conoce-sobre-esta-extrana-infeccion-producida-en-el-cuero-cabelludo","status":"publish","type":"post","link":"https:\/\/elluchador.info\/?p=236660","title":{"rendered":"Conoce sobre esta extra\u00f1a infecci\u00f3n producida en el cuero cabelludo"},"content":{"rendered":"<p>Durante esta semana, la Academia Espa\u00f1ola de Dermatolog\u00eda y Venereolog\u00eda (AEDV) ha alertado sobre el aumento de casos de\u00a0ti\u00f1a\u00a0en las peluquer\u00edas, un crecimiento que, adem\u00e1s, lleva experiment\u00e1ndose desde hace aproximadamente dos a\u00f1os entre la poblaci\u00f3n masculina adolescente que se corta el pelo mediante degradado y rasurado, se\u00f1alando a la falta de desinfecci\u00f3n de los productos que se emplean para el tratamiento del cabello en estos centros como uno de los principales causantes de este brote.<\/p>\n<p>Los dermat\u00f3logos de la AEDV alertaron el pasado martes el brote de ti\u00f1a en el cuero cabelludo detectado en las peluquer\u00edas espa\u00f1olas, que afecta especialmente a la poblaci\u00f3n masculina adolescente, y ofrecieron su apoyo y asesoramiento para optimizar el seguimiento de los afectados y la erradicaci\u00f3n de los focos.<\/p>\n<p>La identificaci\u00f3n y preocupaci\u00f3n por el problema, compartido por los dermat\u00f3logos ha sido el origen de un trabajo colaborativo realizado en el \u00e1mbito de la Academia Espa\u00f1ola de Dermatolog\u00eda y Venereolog\u00eda y aceptado para publicaci\u00f3n en la revista Actas Dermo-Sifiliogr\u00e1ficas.<\/p>\n<p>El estudio, titulado,\u00a0Brote de dermatofitosis en regi\u00f3n de cabeza y cuello asociadas al rasurado en peluquer\u00edas: Estudio descriptivo multic\u00e9ntrico de una serie de casos\u00a0muestra los hallazgos cl\u00ednicos y epidemiol\u00f3gicos en un estudio retrospectivo de 107 casos recogidos por un grupo numeroso de dermat\u00f3logos espa\u00f1oles.<\/p>\n<p>Este trabajo revela que el hongo causante en la mayor\u00eda de los casos fue el\u00a0Trychophyton tonsurans, que se corresponde a su vez con la tipolog\u00eda habitual en las ti\u00f1as de la cabeza.<\/p>\n<h2 class=\"wp-block-heading\">\u00bfEn qu\u00e9 consiste la ti\u00f1a?<\/h2>\n<p>Los expertos de\u00a0<a href=\"https:\/\/services.hosting.augure.com\/Response\/cwlFJ\/%7Bc00e2c3a-691c-4a66-9fc1-8cced217bfa5%7D\" target=\"_blank\" rel=\"noreferrer noopener nofollow\" data-wpel-link=\"external\">Hospital Capilar<\/a>\u00a0explican en qu\u00e9 consiste esta infecci\u00f3n del cuero cabelludo, cu\u00e1les son sus principales s\u00edntomas, c\u00f3mo prevenir su aparici\u00f3n o los tratamientos m\u00e1s habituales para combatirla.<\/p>\n<p>\u201cEntre las distintas enfermedades que afectan al cuero cabelludo encontramos la ti\u00f1a de la cabeza o tinea capitis, que es una infecci\u00f3n mic\u00f3tica, es decir, producida por hongos, que recibe su nombre por su forma circular. Estos hongos, llamados dermatofitos, invaden el tallo del pelo bajo el cuero cabelludo, pudiendo provocar picaz\u00f3n, descamaci\u00f3n, zonas de calvicie e, incluso, la p\u00e9rdida permanente del pelo en los casos m\u00e1s graves\u201d,\u00a0detalla la doctora Raquel Amaro, de la cl\u00ednica Hospital Capilar.<\/p>\n<p>A pesar de que la ti\u00f1a afecta principalmente al \u00e1rea del cuero cabelludo, tambi\u00e9n pueden verse perjudicadas otras zonas como las\u00a0cejas y pesta\u00f1as, as\u00ed como otras regiones como la barba del hombre, la ingle (ti\u00f1a inguinal) o entre los dedos del pie (ti\u00f1a podal o pie de atleta).<\/p>\n<p>Asimismo, cabe recalcar que, aunque puede producirse a cualquier edad, suele darse de forma m\u00e1s frecuente entre ni\u00f1os de 6 meses a 12 a\u00f1os de edad, teniendo un ligero predominio en varones.<\/p>\n<p>\u201cA pesar de que la ti\u00f1a afecta por igual a todas las personas, es cierto que puede llegar a ser m\u00e1s frecuente en los ni\u00f1os peque\u00f1os de edad escolar y, por esta raz\u00f3n, se observan brotes en los colegios, al ser el lugar donde hay m\u00e1s contacto entre ellos y, por tanto, donde existe mayor facilidad de contagio, mientras que, por otro lado, es m\u00e1s raro observarla despu\u00e9s de la pubertad. Tambi\u00e9n aparece en aquellos casos en los que se ha adquirido una nueva mascota que puede tener esta infecci\u00f3n sin presentar s\u00edntomas\u201d,\u00a0apunta la doctora Amaro.<\/p>\n<p>As\u00ed, esta infecci\u00f3n,\u00a0altamente contagiosa, puede transmitirse por el contacto directo con otra persona infectada, es decir, mediante el roce con las esporas del hongo con el cuero cabelludo y los fol\u00edculos pilosos del afectado; por acariciar o cepillar a animales dom\u00e9sticos que padecen esta infecci\u00f3n, como conejos, h\u00e1msters, gatos o perros peque\u00f1os; por medio de objetos o superficies que tocaron personas o animales infectados, como toallas, ropa, s\u00e1banas, cepillos y peines; por tener malos h\u00e1bitos de higiene como no lavarse el pelo de forma habitual; o tener la piel h\u00fameda de forma constante, por ejemplo, por exceso de sudoraci\u00f3n.<\/p>\n<h3 class=\"wp-block-heading\">Principales s\u00edntomas de la ti\u00f1a en el cuero cabelludo<\/h3>\n<p>Generalmente, la ti\u00f1a se manifiesta como zonas de aspecto escamoso o enrojecidas en el cuero cabelludo que producen picor o escozor en la zona afectada y, en ocasiones, inflamaci\u00f3n, dolor, fiebre o supuraci\u00f3n, adem\u00e1s de presentar un pelo quebradizo y fr\u00e1gil con tendencia a la rotura.\u00a0\u201c<\/p>\n<p>\u201cSe observa fragilidad y ruptura del tallo piloso, que produce desde parches con moderada descamaci\u00f3n en el cuero cabelludo con una m\u00ednima p\u00e9rdida de cabello, hasta placas enrojecidas inflamatorias alop\u00e9cicas grandes\u201d,\u00a0subraya a este respecto la especialista.<\/p>\n<p>En algunos casos graves de ti\u00f1a, se observa una inflamaci\u00f3n llamada\u00a0queri\u00f3n\u00a0en el lugar de la infecci\u00f3n, que consiste en una\u00a0hinchaz\u00f3n blanda de la que sale pus\u00a0y que puede llegar a formar una\u00a0costra gruesa y amarillenta\u00a0en el cuero cabelludo; pudiendo dejar cicatrices\u00a0e, incluso, provocar una p\u00e9rdida capilar permanente.<\/p>\n<h2 class=\"wp-block-heading\">C\u00f3mo frenar la ti\u00f1a: pautas y tratamientos<\/h2>\n<p>Para prevenir, en la medida de lo posible, la aparici\u00f3n de la ti\u00f1a en el cuero cabelludo, los expertos recomiendan evitar compartir art\u00edculos de aseo personal como cepillos, toallas e, incluso, gorras, sombreros o cascos, mantener una buena higiene, prestando especial atenci\u00f3n al lavado tras cortarse el pelo y, en el caso de las mascotas.<\/p>\n<p>Tal y como puntualiza la doctora Amaro,\u00a0\u201cse deber\u00e1 vigilar la aparici\u00f3n de parches descamativos en los animales de compa\u00f1\u00eda, realizar los controles pertinentes y, si se observa alg\u00fan tipo de lesi\u00f3n, acudir al veterinario\u201d.<\/p>\n<p>El tratamiento de la ti\u00f1a, por su parte, incluir\u00e1\u00a0medicamentos antif\u00fangicos\u00a0que se toman por v\u00eda oral durante 4-6 semanas,\u00a0cremas antimic\u00f3ticas\u00a0que se aplican en el pelo para evitar la propagaci\u00f3n de la infecci\u00f3n o\u00a0champ\u00fas de sulfuro de selenio\u00a0y, tras finalizar el periodo de tratamiento, se debe realizar un cultivo para confirmar que no persiste la infecci\u00f3n.\u00a0\u201c<\/p>\n<p>En muchos casos, esta patolog\u00eda suele curarse sin complicaciones si el paciente acude a tiempo a un especialista, por lo que es primordial un diagnostico precoz que ayude a combatir esta infecci\u00f3n desde el inicio\u201d,\u00a0concluye la doctora Amaro.<\/p>\n<figure class=\"wp-block-image size-full\"><img loading=\"lazy\" decoding=\"async\" class=\"wp-image-202317 lazyautosizes lazyloaded\" style=\"box-sizing: border-box; height: auto; max-width: 100%; border-style: none; vertical-align: bottom; transition: all 0.3s ease-out 0s; display: inline-block; margin-bottom: 5px !important;\" src=\"https:\/\/efesalud.com\/wp-content\/uploads\/2021\/10\/494381_2_4658018.jpg\" sizes=\"auto, 646px\" srcset=\"https:\/\/efesalud.com\/wp-content\/uploads\/2021\/10\/494381_2_4658018.jpg 1024w, https:\/\/efesalud.com\/wp-content\/uploads\/2021\/10\/494381_2_4658018-300x216.jpg 300w, https:\/\/efesalud.com\/wp-content\/uploads\/2021\/10\/494381_2_4658018-768x554.jpg 768w\" alt=\"Pelo, tricotiloman\u00eda\" width=\"1024\" height=\"738\" data-attachment-id=\"202317\" data-permalink=\"https:\/\/efesalud.com\/cuidado-cabello-verano\/494381_2_4658018\/\" data-orig-file=\"https:\/\/efesalud.com\/wp-content\/uploads\/2021\/10\/494381_2_4658018.jpg\" data-orig-size=\"1024,738\" data-comments-opened=\"0\" data-image-meta=\"{&quot;aperture&quot;:&quot;0&quot;,&quot;credit&quot;:&quot;&quot;,&quot;camera&quot;:&quot;&quot;,&quot;caption&quot;:&quot;&quot;,&quot;created_timestamp&quot;:&quot;0&quot;,&quot;copyright&quot;:&quot;&quot;,&quot;focal_length&quot;:&quot;0&quot;,&quot;iso&quot;:&quot;0&quot;,&quot;shutter_speed&quot;:&quot;0&quot;,&quot;title&quot;:&quot;&quot;,&quot;orientation&quot;:&quot;0&quot;}\" data-image-title=\"viento pelo\" data-image-description=\"\" data-image-caption=\"&lt;p&gt;EFE\/Robin Utrecht&lt;\/p&gt;\n\" data-medium-file=\"https:\/\/efesalud.com\/wp-content\/uploads\/2021\/10\/494381_2_4658018-300x216.jpg\" data-large-file=\"https:\/\/efesalud.com\/wp-content\/uploads\/2021\/10\/494381_2_4658018.jpg\" data-src=\"https:\/\/efesalud.com\/wp-content\/uploads\/2021\/10\/494381_2_4658018.jpg\" data-srcset=\"https:\/\/efesalud.com\/wp-content\/uploads\/2021\/10\/494381_2_4658018.jpg 1024w, https:\/\/efesalud.com\/wp-content\/uploads\/2021\/10\/494381_2_4658018-300x216.jpg 300w, https:\/\/efesalud.com\/wp-content\/uploads\/2021\/10\/494381_2_4658018-768x554.jpg 768w\" data-sizes=\"auto\" \/><\/figure>\n<p>EFE SALUD<\/p>\n","protected":false},"excerpt":{"rendered":"<p>Durante esta semana, la Academia Espa\u00f1ola de Dermatolog\u00eda y Venereolog\u00eda (AEDV) ha alertado sobre el aumento de casos de\u00a0ti\u00f1a\u00a0en las peluquer\u00edas, un crecimiento que, adem\u00e1s, lleva experiment\u00e1ndose desde hace aproximadamente dos a\u00f1os entre la poblaci\u00f3n masculina adolescente que se corta el pelo mediante degradado y rasurado, se\u00f1alando a la falta de desinfecci\u00f3n de los productos [&hellip;]<\/p>\n","protected":false},"author":19,"featured_media":236661,"comment_status":"closed","ping_status":"closed","sticky":false,"template":"","format":"standard","meta":{"footnotes":""},"categories":[19],"tags":[],"class_list":{"0":"post-236660","1":"post","2":"type-post","3":"status-publish","4":"format-standard","5":"has-post-thumbnail","7":"category-salud"},"_links":{"self":[{"href":"https:\/\/elluchador.info\/index.php?rest_route=\/wp\/v2\/posts\/236660","targetHints":{"allow":["GET"]}}],"collection":[{"href":"https:\/\/elluchador.info\/index.php?rest_route=\/wp\/v2\/posts"}],"about":[{"href":"https:\/\/elluchador.info\/index.php?rest_route=\/wp\/v2\/types\/post"}],"author":[{"embeddable":true,"href":"https:\/\/elluchador.info\/index.php?rest_route=\/wp\/v2\/users\/19"}],"replies":[{"embeddable":true,"href":"https:\/\/elluchador.info\/index.php?rest_route=%2Fwp%2Fv2%2Fcomments&post=236660"}],"version-history":[{"count":1,"href":"https:\/\/elluchador.info\/index.php?rest_route=\/wp\/v2\/posts\/236660\/revisions"}],"predecessor-version":[{"id":236662,"href":"https:\/\/elluchador.info\/index.php?rest_route=\/wp\/v2\/posts\/236660\/revisions\/236662"}],"wp:featuredmedia":[{"embeddable":true,"href":"https:\/\/elluchador.info\/index.php?rest_route=\/wp\/v2\/media\/236661"}],"wp:attachment":[{"href":"https:\/\/elluchador.info\/index.php?rest_route=%2Fwp%2Fv2%2Fmedia&parent=236660"}],"wp:term":[{"taxonomy":"category","embeddable":true,"href":"https:\/\/elluchador.info\/index.php?rest_route=%2Fwp%2Fv2%2Fcategories&post=236660"},{"taxonomy":"post_tag","embeddable":true,"href":"https:\/\/elluchador.info\/index.php?rest_route=%2Fwp%2Fv2%2Ftags&post=236660"}],"curies":[{"name":"wp","href":"https:\/\/api.w.org\/{rel}","templated":true}]}}