{"id":236666,"date":"2023-01-19T19:08:10","date_gmt":"2023-01-19T23:08:10","guid":{"rendered":"https:\/\/elluchador.info\/web\/?p=236666"},"modified":"2023-01-19T19:08:10","modified_gmt":"2023-01-19T23:08:10","slug":"por-que-no-recordamos-nuestros-primeros-anos-de-vida-segun-la-ciencia","status":"publish","type":"post","link":"https:\/\/elluchador.info\/?p=236666","title":{"rendered":"Por qu\u00e9 no recordamos nuestros primeros a\u00f1os de vida, seg\u00fan la ciencia"},"content":{"rendered":"<p class=\"paragraph\">Las personas no pueden recordar los acontecimientos de los primeros a\u00f1os de su vida, un fen\u00f3meno que los investigadores han denominado\u00a0<b>\u201camnesia infantil\u201d.<\/b>\u00a0Pero, \u00bfpor qu\u00e9 no podemos recordar las cosas que nos ocurrieron cuando \u00e9ramos ni\u00f1os? \u00bfLa memoria s\u00f3lo empieza a funcionar a cierta edad? Esto es lo que saben los investigadores sobre los beb\u00e9s y la memoria.<\/p>\n<p class=\"paragraph\">\u201cSiempre que ense\u00f1o sobre la memoria en mi clase de desarrollo infantil en la Universidad de Rutgers, empiezo pidiendo a mis alumnos que relaten sus primeros recuerdos. Algunos estudiantes hablan de su primer d\u00eda de preescolar; otros hablan de un momento en el que se hicieron da\u00f1o o se enojaron; algunos citan el d\u00eda en que naci\u00f3 su hermano peque\u00f1o. A pesar de las grandes diferencias en los detalles, estos recuerdos tienen un par de cosas en com\u00fan: todos son autobiogr\u00e1ficos, o recuerdos de experiencias significativas en la vida de una persona, y normalmente no ocurrieron antes de los 2 o 3 a\u00f1os\u201d, dijo en di\u00e1logo con\u00a0<i>The Washington Post<\/i>, Vanessa LoBue, profesora de psicolog\u00eda especializada en el desarrollo de beb\u00e9s y ni\u00f1os, y directora del\u00a0<i>Child Study Center<\/i>.<\/p>\n<p class=\"paragraph\">Muchos cient\u00edficos atribuyen la amnesia infantil a la falta de desarrollo del hipocampo, una zona del cerebro crucial para codificar la memoria. Sin embargo,\u00a0un estudio\u00a0de im\u00e1genes cerebrales que llev\u00f3 a cabo la Universidad de Yale revel\u00f3 que los beb\u00e9s de tan s\u00f3lo tres meses ya utilizan el hipocampo para reconocer y aprender patrones, seg\u00fan publicaron el pasado a\u00f1o los investigadores en la revista\u00a0<i>Current Biology.<\/i><\/p>\n<h2 class=\"header\">Los beb\u00e9s pueden formar recuerdos<\/h2>\n<div class=\"visual__image\"><img loading=\"lazy\" decoding=\"async\" class=\"\" src=\"https:\/\/cloudfront-us-east-1.images.arcpublishing.com\/infobae\/JP2PPSERDRC5BDJHPG3XVZV2BA.jpg\" sizes=\"auto, (min-width: 800px) 50vw, 90vw\" srcset=\"https:\/\/www.infobae.com\/new-resizer\/28UJO9c452Ks7fXJAUDR2nZvBV8=\/420x315\/filters:format(webp):quality(85)\/cloudfront-us-east-1.images.arcpublishing.com\/infobae\/JP2PPSERDRC5BDJHPG3XVZV2BA.jpg 420w,https:\/\/www.infobae.com\/new-resizer\/f9qpkqMxuSubgzqNie6AbGVKxKM=\/768x576\/filters:format(webp):quality(85)\/cloudfront-us-east-1.images.arcpublishing.com\/infobae\/JP2PPSERDRC5BDJHPG3XVZV2BA.jpg 768w,https:\/\/www.infobae.com\/new-resizer\/6jjyCVTkvQR8JcOfV1a6Dw87Tm0=\/992x744\/filters:format(webp):quality(85)\/cloudfront-us-east-1.images.arcpublishing.com\/infobae\/JP2PPSERDRC5BDJHPG3XVZV2BA.jpg 992w,https:\/\/www.infobae.com\/new-resizer\/xKIN1UFrSlpEAbK_0fB9k8DcKpg=\/1200x900\/filters:format(webp):quality(85)\/cloudfront-us-east-1.images.arcpublishing.com\/infobae\/JP2PPSERDRC5BDJHPG3XVZV2BA.jpg 1200w,https:\/\/www.infobae.com\/new-resizer\/4MGotz-KNcytvBWzDlyWacMpWeo=\/1440x1080\/filters:format(webp):quality(85)\/cloudfront-us-east-1.images.arcpublishing.com\/infobae\/JP2PPSERDRC5BDJHPG3XVZV2BA.jpg 1440w\" alt=\"El porqu\u00e9 de la amnesia infantil es algo que ha intrigado a los investigadores dedicados a este \u00e1rea y ha generado una gran cantidad de investigaciones al respecto (Getty Images)\" width=\"1976\" height=\"1517\" \/>El porqu\u00e9 de la amnesia infantil es algo que ha intrigado a los investigadores dedicados a este \u00e1rea y ha generado una gran cantidad de investigaciones al respecto (Getty Images)<\/div>\n<p class=\"paragraph\">\u201cMientras que las personas no pueden recordar mucho antes de los 2 o 3 a\u00f1os, las investigaciones sugieren que los beb\u00e9s pueden formar recuerdos, solo que no el tipo de recuerdos que se cuentan sobre uno mismo. En los primeros d\u00edas de vida, los beb\u00e9s pueden recordar la cara de su propia madre y distinguirla de la de un extra\u00f1o. Unos meses m\u00e1s tarde, pueden demostrar que recuerdan muchas caras conocidas sonriendo m\u00e1s a las que ven con m\u00e1s frecuencia\u201d, advirti\u00f3 LoBue.<\/p>\n<p class=\"paragraph\">Para la experta, adem\u00e1s de los recuerdos autobiogr\u00e1ficos hay muchos otros. \u201cHay recuerdos sem\u00e1nticos, o recuerdos de hechos, como los nombres de las diferentes variedades de manzanas o la capital de su estado natal. Tambi\u00e9n est\u00e1n los recuerdos procedimentales, es decir, los recuerdos sobre c\u00f3mo realizar una acci\u00f3n, como abrir la puerta de casa o conducir un coche\u201d, sostuvo.<\/p>\n<p class=\"paragraph\">Las investigaciones realizadas por el laboratorio de la psic\u00f3loga Carolyn Rovee-Collier en los a\u00f1os 80 y 90 demostraron que los beb\u00e9s pueden formar algunos de estos otros tipos de recuerdos desde una edad temprana. Por supuesto, no pueden decir exactamente lo que recuerdan. Por eso, la clave de la investigaci\u00f3n de Rovee-Collier fue idear una tarea que fuera sensible a los r\u00e1pidos cambios corporales de los beb\u00e9s y a su capacidad para evaluar sus recuerdos durante un largo periodo.<\/p>\n<p class=\"paragraph\">En la versi\u00f3n para beb\u00e9s de 2 a 6 meses, los investigadores colocan a un beb\u00e9 en una cuna con un m\u00f3vil colgado por encima. Miden las patadas del beb\u00e9 para hacerse una idea de su propensi\u00f3n natural a mover las piernas. A continuaci\u00f3n, atan una cuerda de la pierna del beb\u00e9 al extremo del m\u00f3vil, de modo que cada vez que el beb\u00e9 patea, el m\u00f3vil se mueve. Como se puede imaginar, los beb\u00e9s aprenden r\u00e1pidamente que tienen el control: les gusta ver c\u00f3mo se mueve el m\u00f3vil y, por tanto, dan m\u00e1s patadas que antes de que la cuerda estuviera atada a su pierna, lo que demuestra que han aprendido que las patadas hacen que el m\u00f3vil se mueva.<\/p>\n<div class=\"visual__image\"><img loading=\"lazy\" decoding=\"async\" class=\"\" src=\"https:\/\/cloudfront-us-east-1.images.arcpublishing.com\/infobae\/QVZREYEVPBB4NOIS5ZWLF5J62U.jpg\" sizes=\"auto, (min-width: 800px) 50vw, 90vw\" srcset=\"https:\/\/www.infobae.com\/new-resizer\/koc46W21CzGJgc_d25QvkDgL234=\/420x236\/filters:format(webp):quality(85)\/cloudfront-us-east-1.images.arcpublishing.com\/infobae\/QVZREYEVPBB4NOIS5ZWLF5J62U.jpg 420w,https:\/\/www.infobae.com\/new-resizer\/wVBaswNGexjAZin9hXNsRcEvvu0=\/768x432\/filters:format(webp):quality(85)\/cloudfront-us-east-1.images.arcpublishing.com\/infobae\/QVZREYEVPBB4NOIS5ZWLF5J62U.jpg 768w,https:\/\/www.infobae.com\/new-resizer\/I9M69a8ez5kxcMMuy4eSeLbVJPU=\/992x558\/filters:format(webp):quality(85)\/cloudfront-us-east-1.images.arcpublishing.com\/infobae\/QVZREYEVPBB4NOIS5ZWLF5J62U.jpg 992w,https:\/\/www.infobae.com\/new-resizer\/t5Bqxp4p-vFecX9SChQYuk_tQig=\/1200x675\/filters:format(webp):quality(85)\/cloudfront-us-east-1.images.arcpublishing.com\/infobae\/QVZREYEVPBB4NOIS5ZWLF5J62U.jpg 1200w,https:\/\/www.infobae.com\/new-resizer\/KMbU8EV3_ZACSbIwr76hX1Rhgy4=\/1440x810\/filters:format(webp):quality(85)\/cloudfront-us-east-1.images.arcpublishing.com\/infobae\/QVZREYEVPBB4NOIS5ZWLF5J62U.jpg 1440w\" alt=\"La memoria funciona a trav\u00e9s de l\u00f3gicas y normas a menudo dif\u00edciles de comprender (Getty Images)\" width=\"1920\" height=\"1080\" \/>La memoria funciona a trav\u00e9s de l\u00f3gicas y normas a menudo dif\u00edciles de comprender (Getty Images)<\/div>\n<p class=\"paragraph\">La versi\u00f3n para ni\u00f1os de 6 a 18 meses es similar. Pero en lugar de estar tumbado en la cuna -lo que este grupo de edad se niega a hacer durante mucho tiempo-, el beb\u00e9 se sienta en el regazo de sus padres con las manos en una palanca que acabar\u00e1 haciendo que el tren se mueva por una v\u00eda. Al principio, la palanca no funciona, y los experimentadores miden cu\u00e1nto presiona el beb\u00e9 de forma natural. A continuaci\u00f3n, encienden la palanca y, cada vez que el beb\u00e9 la presiona, el tren se mueve por la v\u00eda. Los beb\u00e9s vuelven a aprender el juego r\u00e1pidamente y presionan la palanca mucho m\u00e1s cuando hace que el tren se mueva.<\/p>\n<p class=\"paragraph\">\u00bfQu\u00e9 tiene esto que ver con la memoria? Lo m\u00e1s inteligente de esta investigaci\u00f3n es que, tras entrenar a los beb\u00e9s en una de estas tareas durante un par de d\u00edas, Rovee-Collier comprob\u00f3 posteriormente que s\u00ed la recordaban. Cuando los peque\u00f1os volv\u00edan al laboratorio, los investigadores les mostraban el m\u00f3vil o el tren y med\u00edan si segu\u00edan dando patadas o pulsando la palanca.<\/p>\n<p class=\"paragraph\">Con este m\u00e9todo, Rovee-Collier y sus colegas descubrieron que cuando tienen 6 meses, si los beb\u00e9s son entrenados durante un minuto, pueden recordar un evento un d\u00eda despu\u00e9s. Cuanto m\u00e1s mayores eran los beb\u00e9s, m\u00e1s tiempo recordaban. Tambi\u00e9n descubri\u00f3 que entrenar a los lactantes durante per\u00edodos m\u00e1s largos y darles recordatorios -por ejemplo, mostrarles el m\u00f3vil movi\u00e9ndose muy brevemente por s\u00ed mismo- les ayuda a recordar los acontecimientos durante m\u00e1s tiempo.<\/p>\n<h2 class=\"header\">\u00bfPor qu\u00e9 no los recuerdos autobiogr\u00e1ficos?<\/h2>\n<div class=\"visual__image\"><img loading=\"lazy\" decoding=\"async\" class=\"\" src=\"https:\/\/cloudfront-us-east-1.images.arcpublishing.com\/infobae\/SUYSXJ3NI5B6LDQ72EUKH2NIPY.jpg\" sizes=\"auto, (min-width: 800px) 50vw, 90vw\" srcset=\"https:\/\/www.infobae.com\/new-resizer\/1XhozOzK6-2tv5PKs6okBCj4sso=\/992x614\/filters:format(webp):quality(85)\/cloudfront-us-east-1.images.arcpublishing.com\/infobae\/SUYSXJ3NI5B6LDQ72EUKH2NIPY.jpg 992w\" alt=\"Algunos autores consideran que se debe a la falta de una codificaci\u00f3n inadecuada debido a la ausencia o falta de desarrollo del lenguaje, como estructura que permite organizar la informaci\u00f3n (EFE)\" width=\"4096\" height=\"2653\" \/>Algunos autores consideran que se debe a la falta de una codificaci\u00f3n inadecuada debido a la ausencia o falta de desarrollo del lenguaje, como estructura que permite organizar la informaci\u00f3n (EFE)<\/div>\n<p class=\"paragraph\">Si los beb\u00e9s pueden formar recuerdos en sus primeros meses, \u00bfpor qu\u00e9 las personas no recuerdan cosas de esa primera etapa de la vida? \u201cTodav\u00eda no est\u00e1 claro si las personas experimentan amnesia infantil porque no podemos formar recuerdos autobiogr\u00e1ficos o simplemente porque no tenemos forma de recuperarlos. Nadie sabe con certeza lo que ocurre, pero los cient\u00edficos tienen algunas conjeturas\u201d, remarc\u00f3 LoBue.<\/p>\n<p class=\"paragraph\">Una de ellas es que los recuerdos autobiogr\u00e1ficos exigen tener un cierto sentido del yo. \u201cTienes que ser capaz de pensar en tu comportamiento con respecto a c\u00f3mo se relaciona con los dem\u00e1s. Los investigadores han puesto a prueba esta capacidad en el pasado utilizando una tarea de reconocimiento de espejos llamada prueba del colorete. Consiste en marcar la nariz de un beb\u00e9 con una mancha de carm\u00edn o colorete rojo, o \u2018rouge\u2019, como se dec\u00eda en los a\u00f1os 70 cuando se cre\u00f3 la tarea\u201d, subray\u00f3 la especialista.<\/p>\n<p class=\"paragraph\">\u201cA continuaci\u00f3n, los investigadores colocan al beb\u00e9 frente a un espejo. Los beb\u00e9s menores de 18 meses se limitan a sonre\u00edr al lindo beb\u00e9 del reflejo, sin mostrar ninguna se\u00f1al de que se reconocen a s\u00ed mismos o a la marca roja de su cara. Entre los 18 y los 24 meses, los ni\u00f1os peque\u00f1os se tocan la nariz, incluso con cara de verg\u00fcenza, lo que sugiere que relacionan el punto rojo del espejo con su propia cara: tienen cierto sentido del yo\u201d, ahond\u00f3 la experta.<\/p>\n<p class=\"paragraph\">Otra posible explicaci\u00f3n de la amnesia infantil es que, dado que los beb\u00e9s no tienen lenguaje hasta el segundo a\u00f1o de vida, no pueden formar relatos sobre su propia vida que puedan recordar posteriormente. Por \u00faltimo, el hipocampo, que es la regi\u00f3n del cerebro responsable en gran medida de la memoria, no est\u00e1 completamente desarrollado en el periodo infantil. \u201cLos cient\u00edficos seguir\u00e1n investigando c\u00f3mo puede contribuir cada uno de estos factores a que no puedan recordar mucho, o nada, de su vida antes de los 2 a\u00f1os\u201d, finaliz\u00f3.<\/p>\n<p>InfoBae<\/p>\n","protected":false},"excerpt":{"rendered":"<p>Las personas no pueden recordar los acontecimientos de los primeros a\u00f1os de su vida, un fen\u00f3meno que los investigadores han denominado\u00a0\u201camnesia infantil\u201d.\u00a0Pero, \u00bfpor qu\u00e9 no podemos recordar las cosas que nos ocurrieron cuando \u00e9ramos ni\u00f1os? \u00bfLa memoria s\u00f3lo empieza a funcionar a cierta edad? Esto es lo que saben los investigadores sobre los beb\u00e9s y [&hellip;]<\/p>\n","protected":false},"author":19,"featured_media":236667,"comment_status":"closed","ping_status":"closed","sticky":false,"template":"","format":"standard","meta":{"footnotes":""},"categories":[14],"tags":[],"class_list":{"0":"post-236666","1":"post","2":"type-post","3":"status-publish","4":"format-standard","5":"has-post-thumbnail","7":"category-tecnologia"},"_links":{"self":[{"href":"https:\/\/elluchador.info\/index.php?rest_route=\/wp\/v2\/posts\/236666","targetHints":{"allow":["GET"]}}],"collection":[{"href":"https:\/\/elluchador.info\/index.php?rest_route=\/wp\/v2\/posts"}],"about":[{"href":"https:\/\/elluchador.info\/index.php?rest_route=\/wp\/v2\/types\/post"}],"author":[{"embeddable":true,"href":"https:\/\/elluchador.info\/index.php?rest_route=\/wp\/v2\/users\/19"}],"replies":[{"embeddable":true,"href":"https:\/\/elluchador.info\/index.php?rest_route=%2Fwp%2Fv2%2Fcomments&post=236666"}],"version-history":[{"count":1,"href":"https:\/\/elluchador.info\/index.php?rest_route=\/wp\/v2\/posts\/236666\/revisions"}],"predecessor-version":[{"id":236668,"href":"https:\/\/elluchador.info\/index.php?rest_route=\/wp\/v2\/posts\/236666\/revisions\/236668"}],"wp:featuredmedia":[{"embeddable":true,"href":"https:\/\/elluchador.info\/index.php?rest_route=\/wp\/v2\/media\/236667"}],"wp:attachment":[{"href":"https:\/\/elluchador.info\/index.php?rest_route=%2Fwp%2Fv2%2Fmedia&parent=236666"}],"wp:term":[{"taxonomy":"category","embeddable":true,"href":"https:\/\/elluchador.info\/index.php?rest_route=%2Fwp%2Fv2%2Fcategories&post=236666"},{"taxonomy":"post_tag","embeddable":true,"href":"https:\/\/elluchador.info\/index.php?rest_route=%2Fwp%2Fv2%2Ftags&post=236666"}],"curies":[{"name":"wp","href":"https:\/\/api.w.org\/{rel}","templated":true}]}}