{"id":236705,"date":"2023-01-19T19:37:20","date_gmt":"2023-01-19T23:37:20","guid":{"rendered":"https:\/\/elluchador.info\/web\/?p=236705"},"modified":"2023-01-19T19:37:20","modified_gmt":"2023-01-19T23:37:20","slug":"colombia-anuncia-en-davos-una-cumbre-de-paises-amazonicos-para-mayo","status":"publish","type":"post","link":"https:\/\/elluchador.info\/?p=236705","title":{"rendered":"Colombia anuncia en Davos una cumbre de pa\u00edses amaz\u00f3nicos para mayo"},"content":{"rendered":"<p>La ministra colombiana, Susana Muhamad, afirm\u00f3 que el liderazgo pol\u00edtico en la regi\u00f3n est\u00e1 comprometido al cambio clim\u00e1tico.<\/p>\n<p>\u201cEstamos trabajando para una cumbre de presidentes en mayo de este a\u00f1o y ser\u00e1 la primera desde la creaci\u00f3n en 1978 de la OTCA (Organizaci\u00f3n del Tratado de Cooperaci\u00f3n Amaz\u00f3nica)\u201d, manifest\u00f3 Muhamad en el marco del Foro Econ\u00f3mico Mundial de Davos, en Suiza.<\/p>\n<p>Muhamad intervino en el panel \u201cEl Amazonas en una encrucijada\u201d, al lado de su hom\u00f3loga brasile\u00f1a, Marina Silva, y de otros representantes de la Amazon\u00eda.<\/p>\n<p>Se trata de una pol\u00edtica medioambiental segura para detener los motores de destrucci\u00f3n con operaciones il\u00edcitas, corredores de narcotr\u00e1fico y deforestaci\u00f3n. No tenemos una estrategia com\u00fan para combatir estas actividades il\u00edcitas, subray\u00f3.<\/p>\n<p>La OTCA est\u00e1 integrada por Brasil, Colombia, Per\u00fa, Ecuador, Bolivia, Venezuela, Surinam y Guyana.<\/p>\n<p>La exconcejala de Bogot\u00e1 record\u00f3 que existe un centro de investigaci\u00f3n con nueve pa\u00edses, incluido Francia -por tener en la regi\u00f3n a la Guayana Francesa- que busca \u201cevidencias y hechos\u201d a partir del estudio de los pueblos ind\u00edgenas como \u201cactor\u201d de la Amazon\u00eda.<\/p>\n<p>EFE<\/p>\n","protected":false},"excerpt":{"rendered":"<p>La ministra colombiana, Susana Muhamad, afirm\u00f3 que el liderazgo pol\u00edtico en la regi\u00f3n est\u00e1 comprometido al cambio clim\u00e1tico. \u201cEstamos trabajando para una cumbre de presidentes en mayo de este a\u00f1o y ser\u00e1 la primera desde la creaci\u00f3n en 1978 de la OTCA (Organizaci\u00f3n del Tratado de Cooperaci\u00f3n Amaz\u00f3nica)\u201d, manifest\u00f3 Muhamad en el marco del Foro [&hellip;]<\/p>\n","protected":false},"author":19,"featured_media":236706,"comment_status":"closed","ping_status":"closed","sticky":false,"template":"","format":"standard","meta":{"footnotes":""},"categories":[8],"tags":[],"class_list":{"0":"post-236705","1":"post","2":"type-post","3":"status-publish","4":"format-standard","5":"has-post-thumbnail","7":"category-internacionales"},"_links":{"self":[{"href":"https:\/\/elluchador.info\/index.php?rest_route=\/wp\/v2\/posts\/236705","targetHints":{"allow":["GET"]}}],"collection":[{"href":"https:\/\/elluchador.info\/index.php?rest_route=\/wp\/v2\/posts"}],"about":[{"href":"https:\/\/elluchador.info\/index.php?rest_route=\/wp\/v2\/types\/post"}],"author":[{"embeddable":true,"href":"https:\/\/elluchador.info\/index.php?rest_route=\/wp\/v2\/users\/19"}],"replies":[{"embeddable":true,"href":"https:\/\/elluchador.info\/index.php?rest_route=%2Fwp%2Fv2%2Fcomments&post=236705"}],"version-history":[{"count":1,"href":"https:\/\/elluchador.info\/index.php?rest_route=\/wp\/v2\/posts\/236705\/revisions"}],"predecessor-version":[{"id":236707,"href":"https:\/\/elluchador.info\/index.php?rest_route=\/wp\/v2\/posts\/236705\/revisions\/236707"}],"wp:featuredmedia":[{"embeddable":true,"href":"https:\/\/elluchador.info\/index.php?rest_route=\/wp\/v2\/media\/236706"}],"wp:attachment":[{"href":"https:\/\/elluchador.info\/index.php?rest_route=%2Fwp%2Fv2%2Fmedia&parent=236705"}],"wp:term":[{"taxonomy":"category","embeddable":true,"href":"https:\/\/elluchador.info\/index.php?rest_route=%2Fwp%2Fv2%2Fcategories&post=236705"},{"taxonomy":"post_tag","embeddable":true,"href":"https:\/\/elluchador.info\/index.php?rest_route=%2Fwp%2Fv2%2Ftags&post=236705"}],"curies":[{"name":"wp","href":"https:\/\/api.w.org\/{rel}","templated":true}]}}