{"id":236795,"date":"2023-01-20T12:10:15","date_gmt":"2023-01-20T16:10:15","guid":{"rendered":"https:\/\/elluchador.info\/web\/?p=236795"},"modified":"2023-01-20T12:10:15","modified_gmt":"2023-01-20T16:10:15","slug":"autoridades-de-pc-evalua-lineas-de-accion-ante-emergencias-y-desastres-naturales","status":"publish","type":"post","link":"https:\/\/elluchador.info\/?p=236795","title":{"rendered":"Autoridades de PC eval\u00faa l\u00edneas de acci\u00f3n ante emergencias y desastres naturales"},"content":{"rendered":"<p>Las autoridades de la Direcci\u00f3n Nacional de Protecci\u00f3n Civil (PC), junto a los jefes de las unidades regionales y estadales, sostuvieron un encuentro\u00a0 para revisar las l\u00edneas de acci\u00f3n, capacidad operativa y proyectos a ejecutar en 2023.<\/p>\n<p>De acuerdo a la informaci\u00f3n suministrada por el Ministerio del Poder Popular para las Relaciones Interiores, Justicia y Paz (Mpprijp), el encuentro estuvo liderado por el viceministro para la Gesti\u00f3n de Riesgo y Protecci\u00f3n Civil, M\/G Carlos P\u00e9rez Ampueda, quien evalu\u00f3 lo concerniente a la dotaci\u00f3n de herramientas manuales y equipamiento, para reforzar las labores de los funcionarios y funcionarias, en funci\u00f3n de fortalecer la prevenci\u00f3n, mejorar el desempe\u00f1o y la capacidad de respuesta, ante situaciones de emergencias o desastres.<\/p>\n<p>Autoridades de PC eval\u00faa l\u00edneas de acci\u00f3n ante emergencias y desastres naturales 2En la mesa de trabajo participaron los jefes de Regiones Estrat\u00e9gicas de Evaluaci\u00f3n de Da\u00f1os y An\u00e1lisis de Necesidades (Redan) y Zonas Operativas de Evaluaci\u00f3n de Da\u00f1os y An\u00e1lisis de Necesidades (Zoedan) de Protecci\u00f3n Civil.<\/p>\n<p>Igualmente, se abord\u00f3 el incremento del proceso de formaci\u00f3n tanto de los integrantes del ente, como de las comunidades con la realizaci\u00f3n de cursos y talleres en el territorio nacional, en materia de primeros auxilios, atenci\u00f3n prehospitalaria, gesti\u00f3n de riesgo y actuaci\u00f3n inmediata ante accidentes y eventualidades.<\/p>\n<p>Con informaci\u00f3n de www.vtv.gob.ve<\/p>\n","protected":false},"excerpt":{"rendered":"<p>Las autoridades de la Direcci\u00f3n Nacional de Protecci\u00f3n Civil (PC), junto a los jefes de las unidades regionales y estadales, sostuvieron un encuentro\u00a0 para revisar las l\u00edneas de acci\u00f3n, capacidad operativa y proyectos a ejecutar en 2023. De acuerdo a la informaci\u00f3n suministrada por el Ministerio del Poder Popular para las Relaciones Interiores, Justicia y [&hellip;]<\/p>\n","protected":false},"author":19,"featured_media":236796,"comment_status":"closed","ping_status":"closed","sticky":false,"template":"","format":"standard","meta":{"footnotes":""},"categories":[9],"tags":[],"class_list":{"0":"post-236795","1":"post","2":"type-post","3":"status-publish","4":"format-standard","5":"has-post-thumbnail","7":"category-nacionales"},"_links":{"self":[{"href":"https:\/\/elluchador.info\/index.php?rest_route=\/wp\/v2\/posts\/236795","targetHints":{"allow":["GET"]}}],"collection":[{"href":"https:\/\/elluchador.info\/index.php?rest_route=\/wp\/v2\/posts"}],"about":[{"href":"https:\/\/elluchador.info\/index.php?rest_route=\/wp\/v2\/types\/post"}],"author":[{"embeddable":true,"href":"https:\/\/elluchador.info\/index.php?rest_route=\/wp\/v2\/users\/19"}],"replies":[{"embeddable":true,"href":"https:\/\/elluchador.info\/index.php?rest_route=%2Fwp%2Fv2%2Fcomments&post=236795"}],"version-history":[{"count":1,"href":"https:\/\/elluchador.info\/index.php?rest_route=\/wp\/v2\/posts\/236795\/revisions"}],"predecessor-version":[{"id":236797,"href":"https:\/\/elluchador.info\/index.php?rest_route=\/wp\/v2\/posts\/236795\/revisions\/236797"}],"wp:featuredmedia":[{"embeddable":true,"href":"https:\/\/elluchador.info\/index.php?rest_route=\/wp\/v2\/media\/236796"}],"wp:attachment":[{"href":"https:\/\/elluchador.info\/index.php?rest_route=%2Fwp%2Fv2%2Fmedia&parent=236795"}],"wp:term":[{"taxonomy":"category","embeddable":true,"href":"https:\/\/elluchador.info\/index.php?rest_route=%2Fwp%2Fv2%2Fcategories&post=236795"},{"taxonomy":"post_tag","embeddable":true,"href":"https:\/\/elluchador.info\/index.php?rest_route=%2Fwp%2Fv2%2Ftags&post=236795"}],"curies":[{"name":"wp","href":"https:\/\/api.w.org\/{rel}","templated":true}]}}