{"id":236798,"date":"2023-01-20T12:14:34","date_gmt":"2023-01-20T16:14:34","guid":{"rendered":"https:\/\/elluchador.info\/web\/?p=236798"},"modified":"2023-01-20T12:14:34","modified_gmt":"2023-01-20T16:14:34","slug":"desarticulan-red-criminal-dedicada-a-la-trata-de-seres-humanos-en-espana","status":"publish","type":"post","link":"https:\/\/elluchador.info\/?p=236798","title":{"rendered":"Desarticulan red criminal dedicada a la trata de seres humanos en Espa\u00f1a"},"content":{"rendered":"<p>La Polic\u00eda de Espa\u00f1a desarticul\u00f3 una organizaci\u00f3n criminal que se dedicaba a la trata de seres humanos en la provincia de Sevilla, en el sur del pa\u00eds, inform\u00f3 el cuerpo policial.<\/p>\n<p>\u201cAgentes de la Polic\u00eda Nacional han liberado a cinco v\u00edctimas de trata de seres humanos y han detenido a ocho responsables (\u2026) se ha decretado el ingreso en prisi\u00f3n para cinco de los ocho detenidos, como presuntos integrantes de una organizaci\u00f3n criminal en la provincia de Sevilla\u201d, se\u00f1ala el comunicado.<\/p>\n<p>Seg\u00fan la Polic\u00eda, la organizaci\u00f3n criminal comet\u00eda su actividad il\u00edcita en el sector agr\u00edcola, y se traslad\u00f3 posteriormente a la provincia de Salamanca, en el oeste de Espa\u00f1a, donde se asentaba para iniciar la temporada de recogida de patatas.<\/p>\n<p>\u201cComet\u00edan su actividad il\u00edcita en el sector agr\u00edcola, moviliz\u00e1ndose y siguiendo la demanda estacional para facilitar la explotaci\u00f3n laboral\u201d, indica el informe policial.<\/p>\n<p>Subraya que una de las v\u00edctimas, con discapacidad intelectual, \u201ctuvo que ser hospitalizada durante meses\u201d, por un accidente laboral tras ser atropellada por un tractor, rese\u00f1a Sputnik.<\/p>\n<p>\u201cLas v\u00edctimas eran extranjeras en situaci\u00f3n irregular, en circunstancias de vulnerabilidad econ\u00f3mica y laboral\u201d, a\u00f1ade la publicaci\u00f3n.<\/p>\n<p>Con informaci\u00f3n de www.vtv.gob.ve<\/p>\n","protected":false},"excerpt":{"rendered":"<p>La Polic\u00eda de Espa\u00f1a desarticul\u00f3 una organizaci\u00f3n criminal que se dedicaba a la trata de seres humanos en la provincia de Sevilla, en el sur del pa\u00eds, inform\u00f3 el cuerpo policial. \u201cAgentes de la Polic\u00eda Nacional han liberado a cinco v\u00edctimas de trata de seres humanos y han detenido a ocho responsables (\u2026) se ha [&hellip;]<\/p>\n","protected":false},"author":19,"featured_media":236799,"comment_status":"closed","ping_status":"closed","sticky":false,"template":"","format":"standard","meta":{"footnotes":""},"categories":[8],"tags":[],"class_list":{"0":"post-236798","1":"post","2":"type-post","3":"status-publish","4":"format-standard","5":"has-post-thumbnail","7":"category-internacionales"},"_links":{"self":[{"href":"https:\/\/elluchador.info\/index.php?rest_route=\/wp\/v2\/posts\/236798","targetHints":{"allow":["GET"]}}],"collection":[{"href":"https:\/\/elluchador.info\/index.php?rest_route=\/wp\/v2\/posts"}],"about":[{"href":"https:\/\/elluchador.info\/index.php?rest_route=\/wp\/v2\/types\/post"}],"author":[{"embeddable":true,"href":"https:\/\/elluchador.info\/index.php?rest_route=\/wp\/v2\/users\/19"}],"replies":[{"embeddable":true,"href":"https:\/\/elluchador.info\/index.php?rest_route=%2Fwp%2Fv2%2Fcomments&post=236798"}],"version-history":[{"count":1,"href":"https:\/\/elluchador.info\/index.php?rest_route=\/wp\/v2\/posts\/236798\/revisions"}],"predecessor-version":[{"id":236800,"href":"https:\/\/elluchador.info\/index.php?rest_route=\/wp\/v2\/posts\/236798\/revisions\/236800"}],"wp:featuredmedia":[{"embeddable":true,"href":"https:\/\/elluchador.info\/index.php?rest_route=\/wp\/v2\/media\/236799"}],"wp:attachment":[{"href":"https:\/\/elluchador.info\/index.php?rest_route=%2Fwp%2Fv2%2Fmedia&parent=236798"}],"wp:term":[{"taxonomy":"category","embeddable":true,"href":"https:\/\/elluchador.info\/index.php?rest_route=%2Fwp%2Fv2%2Fcategories&post=236798"},{"taxonomy":"post_tag","embeddable":true,"href":"https:\/\/elluchador.info\/index.php?rest_route=%2Fwp%2Fv2%2Ftags&post=236798"}],"curies":[{"name":"wp","href":"https:\/\/api.w.org\/{rel}","templated":true}]}}