{"id":236809,"date":"2023-01-20T14:08:47","date_gmt":"2023-01-20T18:08:47","guid":{"rendered":"https:\/\/elluchador.info\/web\/?p=236809"},"modified":"2023-01-20T14:08:47","modified_gmt":"2023-01-20T18:08:47","slug":"la-vinotinto-debuta-hoy-ante-bolivia-en-el-sudamericano-sub-20","status":"publish","type":"post","link":"https:\/\/elluchador.info\/?p=236809","title":{"rendered":"La Vinotinto debuta hoy ante Bolivia en el Sudamericano Sub-20"},"content":{"rendered":"<p>Este viernes Venezuela enfrentara a Bolivia para poner en marcha el calendario del Grupo B en el Sudamericano Sub20 de Colombia. El partido iniciar\u00e1 a las 6:00 p.m.<\/p>\n<p>La Vinotinto, que tendr\u00e1 como l\u00edder al argentino Fabricio Coloccini y a jugadores importantes como el portero Samuel Rodr\u00edguez, del Atl\u00e9tico de Madrid y el centrocampista Telasco Segovia milita en calidad de cedido en el Sampdoria italiano.<\/p>\n<p>Asimismo, Ecuador-Chile tambi\u00e9n tendr\u00e1n que disputar su primer partido este viernes; Esta primera jornada, se realizar\u00e1 en el estadio del Deportivo Cali, descansa la selecci\u00f3n uruguaya.<\/p>\n<p>El pr\u00f3ximo encuentro de Venezuela ser\u00e1 contra Uruguay el 24 de enero.<\/p>\n<p>En este nuevo proceso, Venezuela sue\u00f1a conseguir un pasaje al Mundial Sub\u201920 y repetir, seis a\u00f1os despu\u00e9s, la campa\u00f1a que lo llev\u00f3 a la final del torneo orbital jugado en Corea del Sur, en la que qued\u00f3 subcampe\u00f3n.<\/p>\n<p>Hay que destacar que el Sudamericano Sub\u201920 de Colombia, otorga cuatro cupos al Mundial de la categor\u00eda que se disputar\u00e1 en mayo pr\u00f3ximo en Indonesia.<\/p>\n<p>Con informaci\u00f3n de unionradio.net<\/p>\n","protected":false},"excerpt":{"rendered":"<p>Este viernes Venezuela enfrentara a Bolivia para poner en marcha el calendario del Grupo B en el Sudamericano Sub20 de Colombia. El partido iniciar\u00e1 a las 6:00 p.m. La Vinotinto, que tendr\u00e1 como l\u00edder al argentino Fabricio Coloccini y a jugadores importantes como el portero Samuel Rodr\u00edguez, del Atl\u00e9tico de Madrid y el centrocampista Telasco [&hellip;]<\/p>\n","protected":false},"author":19,"featured_media":236810,"comment_status":"closed","ping_status":"closed","sticky":false,"template":"","format":"standard","meta":{"footnotes":""},"categories":[1,4],"tags":[],"class_list":{"0":"post-236809","1":"post","2":"type-post","3":"status-publish","4":"format-standard","5":"has-post-thumbnail","7":"category-deporte","8":"category-deportes"},"_links":{"self":[{"href":"https:\/\/elluchador.info\/index.php?rest_route=\/wp\/v2\/posts\/236809","targetHints":{"allow":["GET"]}}],"collection":[{"href":"https:\/\/elluchador.info\/index.php?rest_route=\/wp\/v2\/posts"}],"about":[{"href":"https:\/\/elluchador.info\/index.php?rest_route=\/wp\/v2\/types\/post"}],"author":[{"embeddable":true,"href":"https:\/\/elluchador.info\/index.php?rest_route=\/wp\/v2\/users\/19"}],"replies":[{"embeddable":true,"href":"https:\/\/elluchador.info\/index.php?rest_route=%2Fwp%2Fv2%2Fcomments&post=236809"}],"version-history":[{"count":1,"href":"https:\/\/elluchador.info\/index.php?rest_route=\/wp\/v2\/posts\/236809\/revisions"}],"predecessor-version":[{"id":236811,"href":"https:\/\/elluchador.info\/index.php?rest_route=\/wp\/v2\/posts\/236809\/revisions\/236811"}],"wp:featuredmedia":[{"embeddable":true,"href":"https:\/\/elluchador.info\/index.php?rest_route=\/wp\/v2\/media\/236810"}],"wp:attachment":[{"href":"https:\/\/elluchador.info\/index.php?rest_route=%2Fwp%2Fv2%2Fmedia&parent=236809"}],"wp:term":[{"taxonomy":"category","embeddable":true,"href":"https:\/\/elluchador.info\/index.php?rest_route=%2Fwp%2Fv2%2Fcategories&post=236809"},{"taxonomy":"post_tag","embeddable":true,"href":"https:\/\/elluchador.info\/index.php?rest_route=%2Fwp%2Fv2%2Ftags&post=236809"}],"curies":[{"name":"wp","href":"https:\/\/api.w.org\/{rel}","templated":true}]}}