{"id":236812,"date":"2023-01-20T14:11:18","date_gmt":"2023-01-20T18:11:18","guid":{"rendered":"https:\/\/elluchador.info\/web\/?p=236812"},"modified":"2023-01-20T14:11:18","modified_gmt":"2023-01-20T18:11:18","slug":"venezuela-tendra-su-primer-congreso-de-transicion-energetica","status":"publish","type":"post","link":"https:\/\/elluchador.info\/?p=236812","title":{"rendered":"Venezuela tendr\u00e1 su primer Congreso de Transici\u00f3n Energ\u00e9tica"},"content":{"rendered":"<p>El presidente de la C\u00e1mara de comercio e industria venezolana-alemana, Derxi Regadix, afirm\u00f3 que como gremio tienen la intenci\u00f3n de promover en Venezuela mecanismos asociados a la energ\u00eda renovable, por eso organizan el primer Congreso de Transici\u00f3n energ\u00e9tica en Paraguan\u00e1.<\/p>\n<p>\u00abEs un evento que se realizar\u00e1 en conjunto con 4 organizadores y empresas tanto alemanas como nacionales que van a tomar parte en rondas de negocio, vamos a ofrecer all\u00ed espacios para ofrecer productos o servicios que sean \u00fatiles en Venezuela\u00bb, dijo.<\/p>\n<p>Indic\u00f3 que encontraron que en la Pen\u00ednsula mucho inter\u00e9s en la energ\u00eda renovable por parte del empresariado, por ese motivo decidieron llevar el Congreso hasta esa regi\u00f3n del pa\u00eds.<\/p>\n<p>En la actividad abordar\u00e1n temas como la descarbonizaci\u00f3n, las v\u00edas hacia la transici\u00f3n energ\u00e9tica, con los vectores que influyen en esto, y la energ\u00eda circular.<\/p>\n<p>A\u00f1adi\u00f3 que hay empresas alemanas interesadas en promover la transici\u00f3n energ\u00e9tica en distintos pa\u00edses, como es el caso de Venezuela.<\/p>\n<p>El congreso se realizar\u00e1 el 23 y 24 de marzo en la Pen\u00ednsula de Paraguan\u00e1.<\/p>\n<p>Con informaci\u00f3n de unionradio.net<\/p>\n","protected":false},"excerpt":{"rendered":"<p>El presidente de la C\u00e1mara de comercio e industria venezolana-alemana, Derxi Regadix, afirm\u00f3 que como gremio tienen la intenci\u00f3n de promover en Venezuela mecanismos asociados a la energ\u00eda renovable, por eso organizan el primer Congreso de Transici\u00f3n energ\u00e9tica en Paraguan\u00e1. \u00abEs un evento que se realizar\u00e1 en conjunto con 4 organizadores y empresas tanto alemanas [&hellip;]<\/p>\n","protected":false},"author":19,"featured_media":236813,"comment_status":"closed","ping_status":"closed","sticky":false,"template":"","format":"standard","meta":{"footnotes":""},"categories":[9],"tags":[],"class_list":{"0":"post-236812","1":"post","2":"type-post","3":"status-publish","4":"format-standard","5":"has-post-thumbnail","7":"category-nacionales"},"_links":{"self":[{"href":"https:\/\/elluchador.info\/index.php?rest_route=\/wp\/v2\/posts\/236812","targetHints":{"allow":["GET"]}}],"collection":[{"href":"https:\/\/elluchador.info\/index.php?rest_route=\/wp\/v2\/posts"}],"about":[{"href":"https:\/\/elluchador.info\/index.php?rest_route=\/wp\/v2\/types\/post"}],"author":[{"embeddable":true,"href":"https:\/\/elluchador.info\/index.php?rest_route=\/wp\/v2\/users\/19"}],"replies":[{"embeddable":true,"href":"https:\/\/elluchador.info\/index.php?rest_route=%2Fwp%2Fv2%2Fcomments&post=236812"}],"version-history":[{"count":1,"href":"https:\/\/elluchador.info\/index.php?rest_route=\/wp\/v2\/posts\/236812\/revisions"}],"predecessor-version":[{"id":236814,"href":"https:\/\/elluchador.info\/index.php?rest_route=\/wp\/v2\/posts\/236812\/revisions\/236814"}],"wp:featuredmedia":[{"embeddable":true,"href":"https:\/\/elluchador.info\/index.php?rest_route=\/wp\/v2\/media\/236813"}],"wp:attachment":[{"href":"https:\/\/elluchador.info\/index.php?rest_route=%2Fwp%2Fv2%2Fmedia&parent=236812"}],"wp:term":[{"taxonomy":"category","embeddable":true,"href":"https:\/\/elluchador.info\/index.php?rest_route=%2Fwp%2Fv2%2Fcategories&post=236812"},{"taxonomy":"post_tag","embeddable":true,"href":"https:\/\/elluchador.info\/index.php?rest_route=%2Fwp%2Fv2%2Ftags&post=236812"}],"curies":[{"name":"wp","href":"https:\/\/api.w.org\/{rel}","templated":true}]}}