{"id":236821,"date":"2023-01-20T14:56:03","date_gmt":"2023-01-20T18:56:03","guid":{"rendered":"https:\/\/elluchador.info\/web\/?p=236821"},"modified":"2023-01-20T14:56:03","modified_gmt":"2023-01-20T18:56:03","slug":"ecuatorianos-protestan-en-defensa-de-seguridad-social","status":"publish","type":"post","link":"https:\/\/elluchador.info\/?p=236821","title":{"rendered":"Ecuatorianos protestan en defensa de seguridad social"},"content":{"rendered":"<p>Este viernes, organizaciones de trabajadores, jubilados y\u00a0 pensionistas de Ecuador manifestaron en rechazo a las eventuales reformas al Instituto Ecuatoriano de Seguridad Social (IESS), propuesto por el Gobierno del presidente Guillermo Lasso, rese\u00f1an agencias.<\/p>\n<p>Aseguran que el pueblo se opone a las reformas del IESS, al tiempo que denuncian hechos de corrupci\u00f3n en el Gobierno, que sigue con una deuda millonaria con el ente.<\/p>\n<p>El presidente del Frente Popular, Nelson Erazo, se\u00f1al\u00f3 que \u201cLasso junto a Augusto de la Torre han se\u00f1alado que la soluci\u00f3n para los problemas del IESS es incrementar los a\u00f1os de jubilaci\u00f3n. Es decir, descargar la crisis en las espaldas de los aportantes y jubilados\u201d, refiere Telesur.<\/p>\n<p>El pasado 10 de enero, Lasso cre\u00f3 una Comisi\u00f3n Interdisciplinaria para que eval\u00fae la situaci\u00f3n del Instituto Ecuatoriano de Seguridad Social (IESS) y prepare un proyecto de ley enfocado en el sistema de pensiones.<\/p>\n<p>El plan de Lasso -seg\u00fan explic\u00f3- busca solucionar problemas de sostenibilidad y viabilidad financiera y fiscal del sistema de pensiones.<\/p>\n<p>El presidente del Frente Unitario de Trabajadores (FUT), Jos\u00e9 Villavicencio, afirm\u00f3 que \u201cesta ser\u00e1 la primera acci\u00f3n del 2023 y, si el Gobierno no escucha a los trabajadores, a los jubilados, al pueblo ecuatoriano, vamos a continuar en la lucha para combatir las privatizaciones\u201d.<\/p>\n<p>\u00abLos trabajadores, las organizaciones sociales, el pueblo ecuatoriano, tenemos la responsabilidad hist\u00f3rica de defender nuestro seguro social de la pol\u00edtica neoliberal\u00bb, expres\u00f3 Villavicencio.<\/p>\n<p>Con informaci\u00f3n de ultimasnoticias.com.ve<\/p>\n","protected":false},"excerpt":{"rendered":"<p>Este viernes, organizaciones de trabajadores, jubilados y\u00a0 pensionistas de Ecuador manifestaron en rechazo a las eventuales reformas al Instituto Ecuatoriano de Seguridad Social (IESS), propuesto por el Gobierno del presidente Guillermo Lasso, rese\u00f1an agencias. Aseguran que el pueblo se opone a las reformas del IESS, al tiempo que denuncian hechos de corrupci\u00f3n en el Gobierno, [&hellip;]<\/p>\n","protected":false},"author":19,"featured_media":236822,"comment_status":"closed","ping_status":"closed","sticky":false,"template":"","format":"standard","meta":{"footnotes":""},"categories":[8],"tags":[],"class_list":{"0":"post-236821","1":"post","2":"type-post","3":"status-publish","4":"format-standard","5":"has-post-thumbnail","7":"category-internacionales"},"_links":{"self":[{"href":"https:\/\/elluchador.info\/index.php?rest_route=\/wp\/v2\/posts\/236821","targetHints":{"allow":["GET"]}}],"collection":[{"href":"https:\/\/elluchador.info\/index.php?rest_route=\/wp\/v2\/posts"}],"about":[{"href":"https:\/\/elluchador.info\/index.php?rest_route=\/wp\/v2\/types\/post"}],"author":[{"embeddable":true,"href":"https:\/\/elluchador.info\/index.php?rest_route=\/wp\/v2\/users\/19"}],"replies":[{"embeddable":true,"href":"https:\/\/elluchador.info\/index.php?rest_route=%2Fwp%2Fv2%2Fcomments&post=236821"}],"version-history":[{"count":1,"href":"https:\/\/elluchador.info\/index.php?rest_route=\/wp\/v2\/posts\/236821\/revisions"}],"predecessor-version":[{"id":236823,"href":"https:\/\/elluchador.info\/index.php?rest_route=\/wp\/v2\/posts\/236821\/revisions\/236823"}],"wp:featuredmedia":[{"embeddable":true,"href":"https:\/\/elluchador.info\/index.php?rest_route=\/wp\/v2\/media\/236822"}],"wp:attachment":[{"href":"https:\/\/elluchador.info\/index.php?rest_route=%2Fwp%2Fv2%2Fmedia&parent=236821"}],"wp:term":[{"taxonomy":"category","embeddable":true,"href":"https:\/\/elluchador.info\/index.php?rest_route=%2Fwp%2Fv2%2Fcategories&post=236821"},{"taxonomy":"post_tag","embeddable":true,"href":"https:\/\/elluchador.info\/index.php?rest_route=%2Fwp%2Fv2%2Ftags&post=236821"}],"curies":[{"name":"wp","href":"https:\/\/api.w.org\/{rel}","templated":true}]}}