{"id":236830,"date":"2023-01-20T15:12:54","date_gmt":"2023-01-20T19:12:54","guid":{"rendered":"https:\/\/elluchador.info\/web\/?p=236830"},"modified":"2023-01-20T15:12:54","modified_gmt":"2023-01-20T19:12:54","slug":"la-ue-ampliara-sanciones-contra-iran-por-represion-de-las-protestas","status":"publish","type":"post","link":"https:\/\/elluchador.info\/?p=236830","title":{"rendered":"La UE ampliar\u00e1 sanciones contra Ir\u00e1n por represi\u00f3n de las protestas"},"content":{"rendered":"<p>La Uni\u00f3n Europea (UE) impondr\u00e1 nuevas sanciones a 37 funcionarios y organizaciones iran\u00edes por la represi\u00f3n de manifestantes, pero a\u00fan debate la denominaci\u00f3n de la Guardia Revolucionaria de Ir\u00e1n como \u00abgrupo terrorista\u00bb, afirmaron diplom\u00e1ticos este viernes.<\/p>\n<p>Los ministros de Relaciones Exteriores del bloque mantendr\u00e1n una reuni\u00f3n en Bruselas el lunes y se proponen adoptar el cuarto paquete de sanciones contra Ir\u00e1n por la represi\u00f3n de las protestas.<\/p>\n<p>Desde septiembre de 2022, Ir\u00e1n es escenario de una oleada de protestas a ra\u00edz de la muerte de una mujer de 22 a\u00f1os cuando se encontraba bajo custodia policial por, supuestamente, haber infringido las reglas de vestimenta que exigen el uso del velo en la Rep\u00fablica Isl\u00e1mica.<\/p>\n<p>Ir\u00e1n ha arrestado al menos a 14.000 personas a ra\u00edz de las protestas, de acuerdo con la ONU. Adem\u00e1s, cuatro personas fueron ejecutadas por participaci\u00f3n en disturbios, y otras 18 fueron condenadas a muerte.<\/p>\n<p>La UE ya orden\u00f3 que se congelaran activos y prohibi\u00f3 la emisi\u00f3n de visado a m\u00e1s de 60 funcionarios y entidades iran\u00edes por la represi\u00f3n, incluyendo a la polic\u00eda de la moral, los comandantes del cuerpo de la Guardia Revolucionaria y medios estatales.<\/p>\n<p>Sin embargo, los pa\u00edses de la UE no han catalogado a la Guardia Revolucionaria como un grupo \u00abterrorista\u00bb, pese a los llamamientos de Alemania y otros Estados del bloque para dar ese paso.<\/p>\n<p>Ir\u00e1n ya ha advertido a la UE sobre las consecuencias que tendr\u00eda tal clasificaci\u00f3n, y algunos funcionarios europeos temen que tal decisi\u00f3n pueda acabar con los intentos de reactivar el acuerdo de 2015 sobre el programa nuclear iran\u00ed, una iniciativa mediada por Bruselas.<\/p>\n<p>\u00abCreo que no es una buena idea, porque impide avanzar en otros temas\u00bb, declar\u00f3 un alto funcionario de la UE.<\/p>\n<p>Con informaci\u00f3n de AFP.<\/p>\n","protected":false},"excerpt":{"rendered":"<p>La Uni\u00f3n Europea (UE) impondr\u00e1 nuevas sanciones a 37 funcionarios y organizaciones iran\u00edes por la represi\u00f3n de manifestantes, pero a\u00fan debate la denominaci\u00f3n de la Guardia Revolucionaria de Ir\u00e1n como \u00abgrupo terrorista\u00bb, afirmaron diplom\u00e1ticos este viernes. Los ministros de Relaciones Exteriores del bloque mantendr\u00e1n una reuni\u00f3n en Bruselas el lunes y se proponen adoptar el [&hellip;]<\/p>\n","protected":false},"author":19,"featured_media":236831,"comment_status":"closed","ping_status":"closed","sticky":false,"template":"","format":"standard","meta":{"footnotes":""},"categories":[8],"tags":[],"class_list":{"0":"post-236830","1":"post","2":"type-post","3":"status-publish","4":"format-standard","5":"has-post-thumbnail","7":"category-internacionales"},"_links":{"self":[{"href":"https:\/\/elluchador.info\/index.php?rest_route=\/wp\/v2\/posts\/236830","targetHints":{"allow":["GET"]}}],"collection":[{"href":"https:\/\/elluchador.info\/index.php?rest_route=\/wp\/v2\/posts"}],"about":[{"href":"https:\/\/elluchador.info\/index.php?rest_route=\/wp\/v2\/types\/post"}],"author":[{"embeddable":true,"href":"https:\/\/elluchador.info\/index.php?rest_route=\/wp\/v2\/users\/19"}],"replies":[{"embeddable":true,"href":"https:\/\/elluchador.info\/index.php?rest_route=%2Fwp%2Fv2%2Fcomments&post=236830"}],"version-history":[{"count":1,"href":"https:\/\/elluchador.info\/index.php?rest_route=\/wp\/v2\/posts\/236830\/revisions"}],"predecessor-version":[{"id":236832,"href":"https:\/\/elluchador.info\/index.php?rest_route=\/wp\/v2\/posts\/236830\/revisions\/236832"}],"wp:featuredmedia":[{"embeddable":true,"href":"https:\/\/elluchador.info\/index.php?rest_route=\/wp\/v2\/media\/236831"}],"wp:attachment":[{"href":"https:\/\/elluchador.info\/index.php?rest_route=%2Fwp%2Fv2%2Fmedia&parent=236830"}],"wp:term":[{"taxonomy":"category","embeddable":true,"href":"https:\/\/elluchador.info\/index.php?rest_route=%2Fwp%2Fv2%2Fcategories&post=236830"},{"taxonomy":"post_tag","embeddable":true,"href":"https:\/\/elluchador.info\/index.php?rest_route=%2Fwp%2Fv2%2Ftags&post=236830"}],"curies":[{"name":"wp","href":"https:\/\/api.w.org\/{rel}","templated":true}]}}