{"id":236833,"date":"2023-01-20T15:23:41","date_gmt":"2023-01-20T19:23:41","guid":{"rendered":"https:\/\/elluchador.info\/web\/?p=236833"},"modified":"2023-01-20T15:23:41","modified_gmt":"2023-01-20T19:23:41","slug":"el-futbolista-brasileno-dani-alves-detenido-en-barcelona-por-una-presunta-agresion-sexual","status":"publish","type":"post","link":"https:\/\/elluchador.info\/?p=236833","title":{"rendered":"El futbolista brasile\u00f1o Dani Alves, detenido en Barcelona por una presunta agresi\u00f3n sexual"},"content":{"rendered":"<p>El futbolista brasile\u00f1o Dani Alves fue detenido este viernes en Barcelona tras acudir voluntariamente a una comisar\u00eda de polic\u00eda para responder por una presunta agresi\u00f3n sexual, informaron a la AFP fuentes de la polic\u00eda regional catalana.<\/p>\n<p>\u00abEst\u00e1 detenido\u00bb y est\u00e1 siendo trasladado a los juzgados de la Ciudad de la Justicia de Barcelona para que se le tome declaraci\u00f3n por esta presunta agresi\u00f3n sexual a una mujer en una discoteca de Barcelona a finales de diciembre, explic\u00f3 una fuente de los Mossos d&#8217;Esquadra, la polic\u00eda catalana.<\/p>\n<p>El exjugador del FC Barcelona, de 39 a\u00f1os, respondi\u00f3 a una citaci\u00f3n de la polic\u00eda y acudi\u00f3 a la comisaria barcelonesa de Les Corts, cerca precisamente del estadio del Camp Nou, despu\u00e9s de lo cual se le detuvo, inform\u00f3 la fuente policial.<\/p>\n<p>El 2 de enero, la polic\u00eda catalana recibi\u00f3 la denuncia de una mujer que afirmaba haber sufrido tocamientos indeseados por parte del futbolista, explicaron a la AFP fuentes policiales.<\/p>\n<p>Los hechos habr\u00edan ocurrido en una discoteca de Barcelona en la noche del 30 al 31 de diciembre, de acuerdo a la prensa local.<\/p>\n<p>&#8211; Alves lo niega -En un mensaje en video transmitido a la televisi\u00f3n Antena 3 el 5 de enero, Alves neg\u00f3 los hechos.<\/p>\n<p>\u00abNo la conozco, nunca la vi\u00bb, dijo de la denunciante. \u00abMe gustar\u00eda desmentir todo\u00bb, a\u00f1adi\u00f3, confirmando que estuvo en la discoteca \u00abdisfrutando\u00bb pero \u00absin invadir el espacio de los dem\u00e1s\u00bb.<\/p>\n<p>Capit\u00e1n del equipo brasile\u00f1o y el futbolista m\u00e1s laureado de la historia, con 43 t\u00edtulos, se encontraba de vacaciones en Barcelona antes de reincorporarse a los Pumas de M\u00e9xico tras haber disputado el Mundial de Catar con su selecci\u00f3n, que cay\u00f3 en cuartos de final.<\/p>\n<p>Alves est\u00e1 casado con una modelo espa\u00f1ola, Joana Sanz, que en una entrevista, tambi\u00e9n en Antena 3, difundida el 9 de enero, explic\u00f3 su versi\u00f3n de lo ocurrido.<\/p>\n<p>\u00abEl d\u00eda 30 se fue a cenar con sus amigos, a desconectar un poco, que bastante falta le hac\u00eda para su cabeza. Sali\u00f3 a bailar y a intentar disfrutar de la m\u00fasica como bien le gusta, y punto\u00bb, afirm\u00f3.<\/p>\n<p>Es \u00abuna noticia que no tiene ni pies ni cabeza\u00bb, a\u00f1adi\u00f3.<\/p>\n<p>&#8211; El jugador m\u00e1s laureado -Fue en el Bar\u00e7a, entre 2008 y 2016, cuando el lateral derecho vivi\u00f3 su etapa m\u00e1s gloriosa, acompa\u00f1ado de nombres como Lionel Messi, Xavi o Iniesta, conquistando 23 t\u00edtulos, entre ellos tres Ligas de campeones, seis Ligas espa\u00f1olas y cuatro Copas del rey.<\/p>\n<p>En Catar, se convirti\u00f3 en el futbolista brasile\u00f1o de m\u00e1s edad alineado en un Mundial.<\/p>\n<p>Alves inici\u00f3 su carrera con el Esporte Clube Bahia de su pa\u00eds, y en 2002 fich\u00f3 por el Sevilla FC, donde pas\u00f3 seis a\u00f1os antes de llegar al Bar\u00e7a.<\/p>\n<p>Luego vendr\u00edan la Juventus de Tur\u00edn, el PSG franc\u00e9s, donde se reencontr\u00f3 con su compatriota Neymar, y un regreso a su pa\u00eds en 2019, antes de volver al Bar\u00e7a seis meses en la temporada 2021-2022.<\/p>\n<p>Muy activo en las redes sociales, Alves lleg\u00f3 a interpelar al entonces presidente brasile\u00f1o Jair Bolsonaro por comentarios que consideraba ofensivos, antes de brindarle su apoyo en las presidenciales de 2022.<\/p>\n<p>Con informaci\u00f3n de AFP.<\/p>\n","protected":false},"excerpt":{"rendered":"<p>El futbolista brasile\u00f1o Dani Alves fue detenido este viernes en Barcelona tras acudir voluntariamente a una comisar\u00eda de polic\u00eda para responder por una presunta agresi\u00f3n sexual, informaron a la AFP fuentes de la polic\u00eda regional catalana. \u00abEst\u00e1 detenido\u00bb y est\u00e1 siendo trasladado a los juzgados de la Ciudad de la Justicia de Barcelona para que [&hellip;]<\/p>\n","protected":false},"author":19,"featured_media":236834,"comment_status":"closed","ping_status":"closed","sticky":false,"template":"","format":"standard","meta":{"footnotes":""},"categories":[1,4],"tags":[],"class_list":{"0":"post-236833","1":"post","2":"type-post","3":"status-publish","4":"format-standard","5":"has-post-thumbnail","7":"category-deporte","8":"category-deportes"},"_links":{"self":[{"href":"https:\/\/elluchador.info\/index.php?rest_route=\/wp\/v2\/posts\/236833","targetHints":{"allow":["GET"]}}],"collection":[{"href":"https:\/\/elluchador.info\/index.php?rest_route=\/wp\/v2\/posts"}],"about":[{"href":"https:\/\/elluchador.info\/index.php?rest_route=\/wp\/v2\/types\/post"}],"author":[{"embeddable":true,"href":"https:\/\/elluchador.info\/index.php?rest_route=\/wp\/v2\/users\/19"}],"replies":[{"embeddable":true,"href":"https:\/\/elluchador.info\/index.php?rest_route=%2Fwp%2Fv2%2Fcomments&post=236833"}],"version-history":[{"count":1,"href":"https:\/\/elluchador.info\/index.php?rest_route=\/wp\/v2\/posts\/236833\/revisions"}],"predecessor-version":[{"id":236835,"href":"https:\/\/elluchador.info\/index.php?rest_route=\/wp\/v2\/posts\/236833\/revisions\/236835"}],"wp:featuredmedia":[{"embeddable":true,"href":"https:\/\/elluchador.info\/index.php?rest_route=\/wp\/v2\/media\/236834"}],"wp:attachment":[{"href":"https:\/\/elluchador.info\/index.php?rest_route=%2Fwp%2Fv2%2Fmedia&parent=236833"}],"wp:term":[{"taxonomy":"category","embeddable":true,"href":"https:\/\/elluchador.info\/index.php?rest_route=%2Fwp%2Fv2%2Fcategories&post=236833"},{"taxonomy":"post_tag","embeddable":true,"href":"https:\/\/elluchador.info\/index.php?rest_route=%2Fwp%2Fv2%2Ftags&post=236833"}],"curies":[{"name":"wp","href":"https:\/\/api.w.org\/{rel}","templated":true}]}}