{"id":236836,"date":"2023-01-20T15:34:06","date_gmt":"2023-01-20T19:34:06","guid":{"rendered":"https:\/\/elluchador.info\/web\/?p=236836"},"modified":"2023-01-20T15:34:06","modified_gmt":"2023-01-20T19:34:06","slug":"finaliza-foro-de-davos-con-temas-como-ucrania-y-cambio-climatico","status":"publish","type":"post","link":"https:\/\/elluchador.info\/?p=236836","title":{"rendered":"Finaliza Foro de Davos con temas como Ucrania y cambio clim\u00e1tico"},"content":{"rendered":"<p>L\u00edderes mundiales y ejecutivos de negocios asistieron el viernes 20 de enero a la \u00faltima jornada del Foro Econ\u00f3mico Mundial despu\u00e9s de un intercambio de puntos de vista sobre c\u00f3mo el mundo abordar\u00e1 sus mayores problemas en 2023. De la mano de la enviada especial a Davos, Daniela Bland\u00f3n, las conclusiones.<\/p>\n<p>\u201cMi mensaje es: es menos malo de lo que tem\u00edamos hace un par de meses, pero menos malo todav\u00eda no significa bueno\u201d. Este c\u00e1lido mensaje sobre la econom\u00eda mundial en 2023 contrast\u00f3 este viernes con la temperatura m\u00e1s helada experimentada por sus asistentes desde que comenz\u00f3, el lunes pasado, el Foro Econ\u00f3mico Mundial.<\/p>\n<p>Esa fue la conclusi\u00f3n que, al t\u00e9rmino del encuentro, entreg\u00f3 la directora gerente del Fondo Monetario Internacional, Kristalina Georgieva, tras cinco d\u00edas de foro; cuatro de ellos de intensos debates sobre los problemas -y posibles soluciones- que afronta la econom\u00eda mundial.<\/p>\n<p>Estas son las principales conclusiones que arroj\u00f3 el encuentro anual m\u00e1s grande de l\u00edderes pol\u00edticos y empresariales del mundo.<\/p>\n<p>Optimismo en medio del pesimismo<\/p>\n<p>El pesimismo y la desesperanza en la que lleg\u00f3 gran parte de los m\u00e1s de 2.700 asistentes hasta la peque\u00f1a ciudad suiza se redirigi\u00f3 hacia un optimismo cauteloso al final del encuentro, con las perspectivas econ\u00f3micas mundiales para el pr\u00f3ximo a\u00f1o mejores de lo que se tem\u00eda.<\/p>\n<p>Sin embargo, la reuni\u00f3n anual estuvo llena de discusiones sobre riesgos latentes, incluidas las presiones inflacionarias de la reapertura de China y el aumento de la deuda en el mundo en desarrollo.<\/p>\n<p>Lo m\u00e1s dif\u00edcil para las naciones occidentales a\u00fan est\u00e1 por venir: reducir la inflaci\u00f3n al 2%. Autoridades de bancos centrales y expertos en econom\u00eda creen que la temporada de alzas en las tasas de inter\u00e9s para hacer que los precios bajen todav\u00eda no ha terminado.<\/p>\n<p>Un foro \u201cpol\u00edtico\u201d mundial<\/p>\n<p>Dos de los cuatro d\u00edas m\u00e1s nutridos de la agenda de Davos fueron ocupados por la guerra en Ucrania. No en vano, fue la propia primera dama ucraniana, Olena Zelenska, quien pronunci\u00f3 el discurso de apertura.<\/p>\n<p>\u201cNo se puede centrar el debate sobre el calentamiento global, cuando hay ciudades en mi pa\u00eds ardiendo en llamas por culpa de los misiles rusos\u201d, asever\u00f3, un d\u00eda antes de que el presidente Volod\u00edmir Zelenski apareciera en videoconferencia para pedir m\u00e1s ayuda occidental.<\/p>\n<p>Los l\u00edderes m\u00e1s influyentes unieron sus voces en torno a entregar m\u00e1s y mejores armas, as\u00ed como apoyo financiero a Kiev para que se defienda contra Rusia, en un cambio de tendencia frente a la petici\u00f3n que en el mismo foro hizo el jefe de Estado ucraniano en el foro de 2022: m\u00e1s sanciones econ\u00f3micas contra Mosc\u00fa.<\/p>\n<p>El cambio clim\u00e1tico, coprotagonista del encuentro<\/p>\n<p>Inundados de efectivo despu\u00e9s de un a\u00f1o de altos precios del petr\u00f3leo, los productores e inversionistas de combustibles f\u00f3siles fueron blanco de las cr\u00edticas de los activistas ambientales presentes en Davos.<\/p>\n<p>A las afueras del centro de convenciones, Greta Thunberg y otros activistas pidieron a la industria energ\u00e9tica que deje de \u201csecuestrar\u201d la transici\u00f3n a la energ\u00eda limpia. Al interior, l\u00edderes pol\u00edticos como Kier Starmer criticaron las nuevas inversiones petroleras y la ministra clim\u00e1tica paquistan\u00ed, Sherry Rehman, presion\u00f3 para obtener fondos para p\u00e9rdidas y da\u00f1os.<\/p>\n<p>\u00ab\u00bfC\u00f3mo llegamos all\u00ed? La lecci\u00f3n que aprendimos en los \u00faltimos a\u00f1os&#8230; dinero, dinero, dinero, dinero, dinero, dinero, dinero\u00bb, dijo el enviado clim\u00e1tico de Estados Unidos, John Kerry, sobre el cumplimiento de los objetivos del Acuerdo de Par\u00eds.<\/p>\n<p>Rencillas al descubierto entre Europa, China y Estados Unidos<\/p>\n<p>En los \u00faltimos meses, los europeos han tenido mucho de qu\u00e9 quejarse cuando se trata de la Ley de Reducci\u00f3n de la Inflaci\u00f3n de Estados Unidos. Y Davos fue el escenario para que la Uni\u00f3n Europea hablara del tema.<\/p>\n<p>El bloque comunitario dijo que movilizar\u00eda ayuda estatal y un fondo de soberan\u00eda para evitar que las empresas se muden a Estados Unidos. Desde que fue firmada la ley por el presidente Joe Biden, Europa ha denunciado que su industria perder\u00e1 terreno con reglas del juego anticompetitivas.<\/p>\n<p>\u00abLa pregunta clave no es China primero, Estados Unidos primero, o Europa primero. La pregunta clave para todos nosotros es Climate First\u00bb, sentenci\u00f3 el ministro de Econom\u00eda franc\u00e9s, Bruno Le Maire, al rechazar que Europa est\u00e9 buscando ese proteccionismo que tanto critica.<\/p>\n<p>&nbsp;<\/p>\n<p>Con China la relaci\u00f3n no es menos traum\u00e1tica. La presidenta de la Comisi\u00f3n Europea acus\u00f3 a Beijing de bloquear el ingreso de empresas europeas y de fomentar el uso de energ\u00edas de fuentes no renovables.<\/p>\n<p>La presidenta del Banco Central Europeo, Christine Lagarde, fue m\u00e1s all\u00e1: \u201cChina emprendi\u00f3 un cambio en su pol\u00edtica de Covid que puede que mate a muchas personas, pero que reactivar\u00e1 la econom\u00eda\u201d, advirti\u00f3, sarc\u00e1stica, antes de dar por terminado el evento oficialmente.<\/p>\n<p>Con informaci\u00f3n de www.globovision.com<\/p>\n","protected":false},"excerpt":{"rendered":"<p>L\u00edderes mundiales y ejecutivos de negocios asistieron el viernes 20 de enero a la \u00faltima jornada del Foro Econ\u00f3mico Mundial despu\u00e9s de un intercambio de puntos de vista sobre c\u00f3mo el mundo abordar\u00e1 sus mayores problemas en 2023. De la mano de la enviada especial a Davos, Daniela Bland\u00f3n, las conclusiones. \u201cMi mensaje es: es [&hellip;]<\/p>\n","protected":false},"author":19,"featured_media":236837,"comment_status":"closed","ping_status":"closed","sticky":false,"template":"","format":"standard","meta":{"footnotes":""},"categories":[8],"tags":[],"class_list":{"0":"post-236836","1":"post","2":"type-post","3":"status-publish","4":"format-standard","5":"has-post-thumbnail","7":"category-internacionales"},"_links":{"self":[{"href":"https:\/\/elluchador.info\/index.php?rest_route=\/wp\/v2\/posts\/236836","targetHints":{"allow":["GET"]}}],"collection":[{"href":"https:\/\/elluchador.info\/index.php?rest_route=\/wp\/v2\/posts"}],"about":[{"href":"https:\/\/elluchador.info\/index.php?rest_route=\/wp\/v2\/types\/post"}],"author":[{"embeddable":true,"href":"https:\/\/elluchador.info\/index.php?rest_route=\/wp\/v2\/users\/19"}],"replies":[{"embeddable":true,"href":"https:\/\/elluchador.info\/index.php?rest_route=%2Fwp%2Fv2%2Fcomments&post=236836"}],"version-history":[{"count":1,"href":"https:\/\/elluchador.info\/index.php?rest_route=\/wp\/v2\/posts\/236836\/revisions"}],"predecessor-version":[{"id":236838,"href":"https:\/\/elluchador.info\/index.php?rest_route=\/wp\/v2\/posts\/236836\/revisions\/236838"}],"wp:featuredmedia":[{"embeddable":true,"href":"https:\/\/elluchador.info\/index.php?rest_route=\/wp\/v2\/media\/236837"}],"wp:attachment":[{"href":"https:\/\/elluchador.info\/index.php?rest_route=%2Fwp%2Fv2%2Fmedia&parent=236836"}],"wp:term":[{"taxonomy":"category","embeddable":true,"href":"https:\/\/elluchador.info\/index.php?rest_route=%2Fwp%2Fv2%2Fcategories&post=236836"},{"taxonomy":"post_tag","embeddable":true,"href":"https:\/\/elluchador.info\/index.php?rest_route=%2Fwp%2Fv2%2Ftags&post=236836"}],"curies":[{"name":"wp","href":"https:\/\/api.w.org\/{rel}","templated":true}]}}