{"id":236842,"date":"2023-01-20T15:53:26","date_gmt":"2023-01-20T19:53:26","guid":{"rendered":"https:\/\/elluchador.info\/web\/?p=236842"},"modified":"2023-01-20T15:53:26","modified_gmt":"2023-01-20T19:53:26","slug":"feria-de-turismo-en-espana-venezuela-consolido-mas-de-50-acercamientos-comerciales","status":"publish","type":"post","link":"https:\/\/elluchador.info\/?p=236842","title":{"rendered":"Feria de Turismo en Espa\u00f1a: Venezuela consolid\u00f3 m\u00e1s de 50 acercamientos comerciales"},"content":{"rendered":"<p>Venezuela consolid\u00f3 54 acercamientos comerciales durante la Feria de Turismo 2023, en Madrid, Espa\u00f1a; inform\u00f3 este viernes el ministro de esta \u00e1rea, Al\u00ed Padr\u00f3n.<\/p>\n<p>En declaraciones televisivas, Padr\u00f3n se\u00f1al\u00f3 que estos acercamientos se llevaron a cabo con diferentes pa\u00edses como Reino Unido, Francia, Espa\u00f1a, Brasil, T\u00fckiye, Argentina, Ecuador, Chile, entre otros.<\/p>\n<p>\u00abHab\u00edamos atendido en acercamientos comerciales, distintos pa\u00edses, Espa\u00f1a, Brasil, Argentina, Ecuador, Reino Unido, Francia, T\u00fcrkiye, solo ayer (jueves). Tuvimos m\u00e1s de 54 acercamientos, que nos avisora gratos y excelentes momentos\u00bb, recalc\u00f3.<\/p>\n<p>Durante la entrevista, el ministro destac\u00f3 los encuentros realizados con las autoridades de Espa\u00f1a, especialmente con las diferentes aerol\u00edneas y con organizaciones tur\u00edsticas.<\/p>\n<p>Entre ella se encuentra la alianza con la aerol\u00ednea Plus Ultra y con Iberia.<\/p>\n<p>Con respecto a la aerol\u00ednea Plus Ultra Travel recalc\u00f3 que se firm\u00f3 un acuerdo para los vuelos directos de Madrid-Porlamar, y que tendr\u00e1n conexi\u00f3n con Canaima.<\/p>\n<p>En cuanto a Iberia, se\u00f1al\u00f3 que se presentaron los trabajos, y toda la disposici\u00f3n para avanzar en materia de conectividad\u00bb.<\/p>\n<p>M\u00e1s encuentros en la Feria de Turismo<\/p>\n<p>Tambi\u00e9n sostuvo encuentros con representantes de la Asociaci\u00f3n Internacional para la Cooperaci\u00f3n Tur\u00edstica (ASICOTUR), organizaci\u00f3n que engloba a m\u00e1s de 35 pa\u00edses europeos, para establecer un ruta del camino de Santiago, pero desde la ciudad de M\u00e9rida, en Venezuela.<\/p>\n<p>De igual forma, el ministro de Turismo se reuni\u00f3 con sus hom\u00f3logos de Honduras, Yadira Gonz\u00e1lez; y de M\u00e9xico, Miguel Torruco Marqu\u00e9s; as\u00ed como con la codirectora del Instituto Nicarag\u00fcense de Turismo, Shantanny Anasha Campbell Lewis.<\/p>\n<p>Adem\u00e1s, sostuvo encuentros con la ministra de Industria, Comercio y Turismo del Reino de Espa\u00f1a, Mar\u00eda Reyes Maroto Illera, as\u00ed como con representantes de la la Organizaci\u00f3n Mundial de Turismo, con el fin de restablecer plenos derechos y dise\u00f1ar una hoja de ruta, con el objetivo de desarrollar un trabajo conjunto.<\/p>\n<p>En la Feria \u2013 que cont\u00f3 con la participaci\u00f3n de 42 turoperadores, hoteleros y l\u00edneas \u00e1reas de Venezuela -, tambi\u00e9n se reuni\u00f3 con representante del Banco de Desarrollo de Am\u00e9rica Latina (CAF), para presentar un plan de trabajo para el desarrollo del turismo sostenible.<\/p>\n<p>Fortalecimiento de relaciones con Colombia en materia tur\u00edstica<\/p>\n<p>El ministro Padr\u00f3n se\u00f1al\u00f3 que tambi\u00e9n tuvo un encuentro con representantes de Colombia, con el fin de fortalecer las relaciones en materia tur\u00edstica con la naci\u00f3n neogranadina.<\/p>\n<p>En este sentido, recalc\u00f3 que se reuni\u00f3 con el viceministro de Turismo de Colombia, Arturo Bravo, con quien convers\u00f3 sobre el establecimiento de la ruta del Libertador.<\/p>\n<p>\u00abColombia fue hasta el 2017, el principal pa\u00eds remisivo de turistas de Venezuela (\u2026) Conversamos con la ruta del Libertador, que permitir\u00e1 realizar grandes trabajos de inserci\u00f3n de la comunidades del eje andino\u00bb, recalc\u00f3 Padr\u00f3n en declaraciones a VTV.<\/p>\n<p>Sistema Telef\u00e9rico<\/p>\n<p>Por otra parte, asever\u00f3 que en los pr\u00f3ximos d\u00edas se estar\u00e1 reinaugurando el Sistema Telef\u00e9rico Waraira Repano, que permitir\u00e1 impulsar el turismo local e internacional.<\/p>\n<p>\u00abEn los pr\u00f3ximos d\u00edas estaremos entregando el Sistema Telef\u00e9rico Waraira Repano, totalmente renovado, nuevos motores, la guaya, a la disposici\u00f3n del turismo nacional e internacional\u00bb, recalc\u00f3.<\/p>\n<p>De igual forma, se entregar\u00e1 el Sistema Telef\u00e9rico Mukumbar\u00ed en el estado M\u00e9rida.<\/p>\n<p>Con informaci\u00f3n de ultimasnoticias.com.ve<\/p>\n","protected":false},"excerpt":{"rendered":"<p>Venezuela consolid\u00f3 54 acercamientos comerciales durante la Feria de Turismo 2023, en Madrid, Espa\u00f1a; inform\u00f3 este viernes el ministro de esta \u00e1rea, Al\u00ed Padr\u00f3n. En declaraciones televisivas, Padr\u00f3n se\u00f1al\u00f3 que estos acercamientos se llevaron a cabo con diferentes pa\u00edses como Reino Unido, Francia, Espa\u00f1a, Brasil, T\u00fckiye, Argentina, Ecuador, Chile, entre otros. \u00abHab\u00edamos atendido en acercamientos [&hellip;]<\/p>\n","protected":false},"author":19,"featured_media":236843,"comment_status":"closed","ping_status":"closed","sticky":false,"template":"","format":"standard","meta":{"footnotes":""},"categories":[6],"tags":[],"class_list":{"0":"post-236842","1":"post","2":"type-post","3":"status-publish","4":"format-standard","5":"has-post-thumbnail","7":"category-economia"},"_links":{"self":[{"href":"https:\/\/elluchador.info\/index.php?rest_route=\/wp\/v2\/posts\/236842","targetHints":{"allow":["GET"]}}],"collection":[{"href":"https:\/\/elluchador.info\/index.php?rest_route=\/wp\/v2\/posts"}],"about":[{"href":"https:\/\/elluchador.info\/index.php?rest_route=\/wp\/v2\/types\/post"}],"author":[{"embeddable":true,"href":"https:\/\/elluchador.info\/index.php?rest_route=\/wp\/v2\/users\/19"}],"replies":[{"embeddable":true,"href":"https:\/\/elluchador.info\/index.php?rest_route=%2Fwp%2Fv2%2Fcomments&post=236842"}],"version-history":[{"count":1,"href":"https:\/\/elluchador.info\/index.php?rest_route=\/wp\/v2\/posts\/236842\/revisions"}],"predecessor-version":[{"id":236844,"href":"https:\/\/elluchador.info\/index.php?rest_route=\/wp\/v2\/posts\/236842\/revisions\/236844"}],"wp:featuredmedia":[{"embeddable":true,"href":"https:\/\/elluchador.info\/index.php?rest_route=\/wp\/v2\/media\/236843"}],"wp:attachment":[{"href":"https:\/\/elluchador.info\/index.php?rest_route=%2Fwp%2Fv2%2Fmedia&parent=236842"}],"wp:term":[{"taxonomy":"category","embeddable":true,"href":"https:\/\/elluchador.info\/index.php?rest_route=%2Fwp%2Fv2%2Fcategories&post=236842"},{"taxonomy":"post_tag","embeddable":true,"href":"https:\/\/elluchador.info\/index.php?rest_route=%2Fwp%2Fv2%2Ftags&post=236842"}],"curies":[{"name":"wp","href":"https:\/\/api.w.org\/{rel}","templated":true}]}}