{"id":236872,"date":"2023-01-22T19:10:55","date_gmt":"2023-01-22T23:10:55","guid":{"rendered":"https:\/\/elluchador.info\/web\/?p=236872"},"modified":"2023-01-22T19:10:55","modified_gmt":"2023-01-22T23:10:55","slug":"jose-alarcon-es-campeon-de-la-vuelta-al-tachira","status":"publish","type":"post","link":"https:\/\/elluchador.info\/?p=236872","title":{"rendered":"Jos\u00e9 Alarc\u00f3n es campe\u00f3n de la Vuelta al T\u00e1chira"},"content":{"rendered":"<p>Jos\u00e9 Alarc\u00f3n (Fundaci\u00f3n \u00c1ngeles Hern\u00e1ndez) se alz\u00f3 como campe\u00f3n de la edici\u00f3n n\u00famero 53 de la Vuelta al T\u00e1chira 2023.<\/p>\n<p>Alarc\u00f3n finaliz\u00f3 este domingo en el Vel\u00f3dromo JJ Mora de San Crist\u00f3bal como l\u00edder tras una etapa de 117.3 km.<\/p>\n<p>El cl\u00e1sico giro andino que se corre todos los a\u00f1os, tuvo un total de ocho jornadas de competencia.<\/p>\n<p>La \u00faltima etapa fue ganada por Manuel \u2018Gato\u2019 Medina (Pegasus-La Guaira) superando en el vel\u00f3dromo a Carlos Torres\u00a0 (Fund. \u00c1ngeles Hern\u00e1ndez) y al colombiano Jhonathan Restrepo (GW Shimano Sidermec).<\/p>\n<p>Alarc\u00f3n cerr\u00f3 con 27 horas, 36 minutos y 34 segundos; escoltado por Juan Ruiz (Gobierno Bolivariano de Trujillo) a 1\u203344\u2033 y cerr\u00f3 el poder Juan Alba (Movistar Best-Ecuador) a 2\u201932.<\/p>\n<p>El meride\u00f1o tambi\u00e9n gan\u00f3 la monta\u00f1a, mientras que el sprint se lo llev\u00f3 (Edwin Torres Loter\u00eda del T\u00e1chira).<\/p>\n<p>Por su parte la camiseta por puntos se la llev\u00f3 Yonder Godoy (Gobierno Bolivariano de Trujillo).<\/p>\n<p>Breinner Camargo (Polit\u00e1chira) se alz\u00f3 como campe\u00f3n sub-23. El monarca por equipos fue para la Fundaci\u00f3n \u00c1ngeles Hern\u00e1ndez. L\u00edder<\/p>\n","protected":false},"excerpt":{"rendered":"<p>Jos\u00e9 Alarc\u00f3n (Fundaci\u00f3n \u00c1ngeles Hern\u00e1ndez) se alz\u00f3 como campe\u00f3n de la edici\u00f3n n\u00famero 53 de la Vuelta al T\u00e1chira 2023. Alarc\u00f3n finaliz\u00f3 este domingo en el Vel\u00f3dromo JJ Mora de San Crist\u00f3bal como l\u00edder tras una etapa de 117.3 km. El cl\u00e1sico giro andino que se corre todos los a\u00f1os, tuvo un total de ocho [&hellip;]<\/p>\n","protected":false},"author":19,"featured_media":236868,"comment_status":"closed","ping_status":"closed","sticky":false,"template":"","format":"standard","meta":{"footnotes":""},"categories":[4,5],"tags":[],"class_list":{"0":"post-236872","1":"post","2":"type-post","3":"status-publish","4":"format-standard","5":"has-post-thumbnail","7":"category-deportes","8":"category-destacado"},"_links":{"self":[{"href":"https:\/\/elluchador.info\/index.php?rest_route=\/wp\/v2\/posts\/236872","targetHints":{"allow":["GET"]}}],"collection":[{"href":"https:\/\/elluchador.info\/index.php?rest_route=\/wp\/v2\/posts"}],"about":[{"href":"https:\/\/elluchador.info\/index.php?rest_route=\/wp\/v2\/types\/post"}],"author":[{"embeddable":true,"href":"https:\/\/elluchador.info\/index.php?rest_route=\/wp\/v2\/users\/19"}],"replies":[{"embeddable":true,"href":"https:\/\/elluchador.info\/index.php?rest_route=%2Fwp%2Fv2%2Fcomments&post=236872"}],"version-history":[{"count":1,"href":"https:\/\/elluchador.info\/index.php?rest_route=\/wp\/v2\/posts\/236872\/revisions"}],"predecessor-version":[{"id":236874,"href":"https:\/\/elluchador.info\/index.php?rest_route=\/wp\/v2\/posts\/236872\/revisions\/236874"}],"wp:featuredmedia":[{"embeddable":true,"href":"https:\/\/elluchador.info\/index.php?rest_route=\/wp\/v2\/media\/236868"}],"wp:attachment":[{"href":"https:\/\/elluchador.info\/index.php?rest_route=%2Fwp%2Fv2%2Fmedia&parent=236872"}],"wp:term":[{"taxonomy":"category","embeddable":true,"href":"https:\/\/elluchador.info\/index.php?rest_route=%2Fwp%2Fv2%2Fcategories&post=236872"},{"taxonomy":"post_tag","embeddable":true,"href":"https:\/\/elluchador.info\/index.php?rest_route=%2Fwp%2Fv2%2Ftags&post=236872"}],"curies":[{"name":"wp","href":"https:\/\/api.w.org\/{rel}","templated":true}]}}