{"id":236890,"date":"2023-01-22T19:18:21","date_gmt":"2023-01-22T23:18:21","guid":{"rendered":"https:\/\/elluchador.info\/web\/?p=236890"},"modified":"2023-01-22T19:18:21","modified_gmt":"2023-01-22T23:18:21","slug":"esperan-el-apoyo-para-restaurar-la-cancha-techada-de-los-aceiticos","status":"publish","type":"post","link":"https:\/\/elluchador.info\/?p=236890","title":{"rendered":"Esperan el apoyo para restaurar la cancha techada de Los Aceiticos"},"content":{"rendered":"<p>La cancha techada de Los Aceiticos II\u00a0 es un espacio de usos m\u00faltiples donde\u00a0 no s\u00f3lo hacen vida atletas de alto rendimiento de diferentes disciplinas deportivas que pertenecen a clubes registrados, sino que tambi\u00e9n es usada por los j\u00f3venes de la comunidad para recrearse.<\/p>\n<p>El a\u00f1o pasado, los deportistas pideron al diario El Luchador que observara las condiciones en\u00a0 que se encuentra las instalaciones y su estructura; se evidenci\u00f3 el deterioro que tienen las bases de la cancha y que de no recibir el mantenimiento adecuado, podr\u00edan colapsar a causa del \u00f3xido.<\/p>\n<p>\u201cSer\u00eda una p\u00e9rdida para todos los deportistas, tanto de boxeo, b\u00e1squet, f\u00fatbol y dem\u00e1s disciplinas, estamos preocupados por las condiciones de la cancha\u201d, expresaron los deportistas.<\/p>\n<p>&nbsp;<\/p>\n<p>Jos\u00e9 Romero, deportista comunitario, indic\u00f3:\u00a0 \u00abaqu\u00ed los muchachos del barrio nos recreamos, pero tambi\u00e9n practican muchos deportistas de varios clubes y categor\u00edas deportivas y ser\u00eda triste que se pierda este espacio tan importante para todos los que nos gusta el deporte.\u00bb.<\/p>\n<p>&nbsp;<\/p>\n<p>Por su parte, V\u00edctor Betancourt, presidente de la Asociaci\u00f3n de Boxeo del estado Bol\u00edvar manifest\u00f3 que \u00abhicieron un llamado a las autoridades , los atletas no tienen capacidad econ\u00f3mica para el mantenimiento de este espacio. Asimismo solicit\u00f3 nuevamente el apoyo a las autoridades para la reparaci\u00f3n\u00bb.<\/p>\n<p>&nbsp;<\/p>\n<p>\u00c1reas de recuperaci\u00f3n<\/p>\n<p>La cancha de usos m\u00faltiples de Los Aceiticos II requiere el apoyo\u00a0 y mantenimiento urgente en las bases que la sostienen, las cuales son de hierro, y por la falta de mantenimiento est\u00e1n corro\u00eddas, por otro lado, las gradas tambi\u00e9n est\u00e1n deterioradas, adem\u00e1s los ba\u00f1os tambi\u00e9n necesitan ser restaurados, entre otros detalles que tienen que mejorar. Yanitza Mart\u00ednez<\/p>\n","protected":false},"excerpt":{"rendered":"<p>La cancha techada de Los Aceiticos II\u00a0 es un espacio de usos m\u00faltiples donde\u00a0 no s\u00f3lo hacen vida atletas de alto rendimiento de diferentes disciplinas deportivas que pertenecen a clubes registrados, sino que tambi\u00e9n es usada por los j\u00f3venes de la comunidad para recrearse. El a\u00f1o pasado, los deportistas pideron al diario El Luchador que [&hellip;]<\/p>\n","protected":false},"author":19,"featured_media":236887,"comment_status":"closed","ping_status":"closed","sticky":false,"template":"","format":"standard","meta":{"footnotes":""},"categories":[2],"tags":[],"class_list":{"0":"post-236890","1":"post","2":"type-post","3":"status-publish","4":"format-standard","5":"has-post-thumbnail","7":"category-comunidad"},"_links":{"self":[{"href":"https:\/\/elluchador.info\/index.php?rest_route=\/wp\/v2\/posts\/236890","targetHints":{"allow":["GET"]}}],"collection":[{"href":"https:\/\/elluchador.info\/index.php?rest_route=\/wp\/v2\/posts"}],"about":[{"href":"https:\/\/elluchador.info\/index.php?rest_route=\/wp\/v2\/types\/post"}],"author":[{"embeddable":true,"href":"https:\/\/elluchador.info\/index.php?rest_route=\/wp\/v2\/users\/19"}],"replies":[{"embeddable":true,"href":"https:\/\/elluchador.info\/index.php?rest_route=%2Fwp%2Fv2%2Fcomments&post=236890"}],"version-history":[{"count":1,"href":"https:\/\/elluchador.info\/index.php?rest_route=\/wp\/v2\/posts\/236890\/revisions"}],"predecessor-version":[{"id":236891,"href":"https:\/\/elluchador.info\/index.php?rest_route=\/wp\/v2\/posts\/236890\/revisions\/236891"}],"wp:featuredmedia":[{"embeddable":true,"href":"https:\/\/elluchador.info\/index.php?rest_route=\/wp\/v2\/media\/236887"}],"wp:attachment":[{"href":"https:\/\/elluchador.info\/index.php?rest_route=%2Fwp%2Fv2%2Fmedia&parent=236890"}],"wp:term":[{"taxonomy":"category","embeddable":true,"href":"https:\/\/elluchador.info\/index.php?rest_route=%2Fwp%2Fv2%2Fcategories&post=236890"},{"taxonomy":"post_tag","embeddable":true,"href":"https:\/\/elluchador.info\/index.php?rest_route=%2Fwp%2Fv2%2Ftags&post=236890"}],"curies":[{"name":"wp","href":"https:\/\/api.w.org\/{rel}","templated":true}]}}