{"id":236894,"date":"2023-01-22T19:22:31","date_gmt":"2023-01-22T23:22:31","guid":{"rendered":"https:\/\/elluchador.info\/web\/?p=236894"},"modified":"2023-01-22T19:22:31","modified_gmt":"2023-01-22T23:22:31","slug":"psuv-angostura-del-orinoco-en-defensa-de-las-siete-lineas-estrategicas-del-presidente-maduro","status":"publish","type":"post","link":"https:\/\/elluchador.info\/?p=236894","title":{"rendered":"PSUV Angostura del Orinoco en defensa de las siete l\u00edneas estrat\u00e9gicas del presidente Maduro"},"content":{"rendered":"<p>Este fin de semana la estructura RAAS del municipio Angostura del Orinoco particip\u00f3 en una jornada de reafirmaci\u00f3n de la lealtad y el compromiso revolucionario al estar presente y siempre consecuente cumpliendo con la discusi\u00f3n y debate de las siete L\u00edneas de trabajo encomendadas por el presidente, Nicol\u00e1s Maduro, en el marco de la 4ta etapa de la revoluci\u00f3n que determinar\u00e1 el renacimiento de la patria y de la revoluci\u00f3n.<\/p>\n<p><img loading=\"lazy\" decoding=\"async\" class=\"alignnone size-medium wp-image-236896\" src=\"https:\/\/elluchador.info\/web\/wp-content\/uploads\/2023\/01\/f2-300x225.jpeg\" alt=\"\" width=\"300\" height=\"225\" srcset=\"https:\/\/elluchador.info\/wp-content\/uploads\/2023\/01\/f2-300x225.jpeg 300w, https:\/\/elluchador.info\/wp-content\/uploads\/2023\/01\/f2-1024x768.jpeg 1024w, https:\/\/elluchador.info\/wp-content\/uploads\/2023\/01\/f2-768x576.jpeg 768w, https:\/\/elluchador.info\/wp-content\/uploads\/2023\/01\/f2-560x420.jpeg 560w, https:\/\/elluchador.info\/wp-content\/uploads\/2023\/01\/f2-80x60.jpeg 80w, https:\/\/elluchador.info\/wp-content\/uploads\/2023\/01\/f2-100x75.jpeg 100w, https:\/\/elluchador.info\/wp-content\/uploads\/2023\/01\/f2-180x135.jpeg 180w, https:\/\/elluchador.info\/wp-content\/uploads\/2023\/01\/f2-238x178.jpeg 238w, https:\/\/elluchador.info\/wp-content\/uploads\/2023\/01\/f2-640x480.jpeg 640w, https:\/\/elluchador.info\/wp-content\/uploads\/2023\/01\/f2-681x511.jpeg 681w, https:\/\/elluchador.info\/wp-content\/uploads\/2023\/01\/f2.jpeg 1280w\" sizes=\"auto, (max-width: 300px) 100vw, 300px\" \/><\/p>\n<p>El enlace territorial del Psuv, Alexis Rodr\u00edguez Cabello, presidi\u00f3 junto al alcalde, Sergio Hern\u00e1ndez, coordinador municipal del Psuv, esta jornada de formaci\u00f3n, realizada a lleno total en el parque Bol\u00edvar de Vista Hermosa en Ciudad Bol\u00edvar, donde se concentr\u00f3 toda la estructura RAAS para escuchar y atender lo relacionado a las siete l\u00edneas de acci\u00f3n.<\/p>\n<p><img loading=\"lazy\" decoding=\"async\" class=\"alignnone size-medium wp-image-236897\" src=\"https:\/\/elluchador.info\/web\/wp-content\/uploads\/2023\/01\/f3-300x225.jpeg\" alt=\"\" width=\"300\" height=\"225\" srcset=\"https:\/\/elluchador.info\/wp-content\/uploads\/2023\/01\/f3-300x225.jpeg 300w, https:\/\/elluchador.info\/wp-content\/uploads\/2023\/01\/f3-1024x768.jpeg 1024w, https:\/\/elluchador.info\/wp-content\/uploads\/2023\/01\/f3-768x576.jpeg 768w, https:\/\/elluchador.info\/wp-content\/uploads\/2023\/01\/f3-560x420.jpeg 560w, https:\/\/elluchador.info\/wp-content\/uploads\/2023\/01\/f3-80x60.jpeg 80w, https:\/\/elluchador.info\/wp-content\/uploads\/2023\/01\/f3-100x75.jpeg 100w, https:\/\/elluchador.info\/wp-content\/uploads\/2023\/01\/f3-180x135.jpeg 180w, https:\/\/elluchador.info\/wp-content\/uploads\/2023\/01\/f3-238x178.jpeg 238w, https:\/\/elluchador.info\/wp-content\/uploads\/2023\/01\/f3-640x480.jpeg 640w, https:\/\/elluchador.info\/wp-content\/uploads\/2023\/01\/f3-681x511.jpeg 681w, https:\/\/elluchador.info\/wp-content\/uploads\/2023\/01\/f3.jpeg 1280w\" sizes=\"auto, (max-width: 300px) 100vw, 300px\" \/><\/p>\n<p>Recordemos que las siete l\u00edneas son: Consolidar el crecimiento econ\u00f3mico con igualdad, expandir la protecci\u00f3n social, ampliar la presencia del poder popular, consolidar la seguridad integral de la naci\u00f3n y garantizar la justicia, consolidar y expandir el m\u00e9todo 1x 10 del Buen Gobierno y las Bricomiles, avanzar en la independencia integral y en la descolonizaci\u00f3n en Venezuela, consolidar la patria grande.<\/p>\n<p><img loading=\"lazy\" decoding=\"async\" class=\"alignnone size-medium wp-image-236898\" src=\"https:\/\/elluchador.info\/web\/wp-content\/uploads\/2023\/01\/f4-300x225.jpeg\" alt=\"\" width=\"300\" height=\"225\" srcset=\"https:\/\/elluchador.info\/wp-content\/uploads\/2023\/01\/f4-300x225.jpeg 300w, https:\/\/elluchador.info\/wp-content\/uploads\/2023\/01\/f4-768x576.jpeg 768w, https:\/\/elluchador.info\/wp-content\/uploads\/2023\/01\/f4-560x420.jpeg 560w, https:\/\/elluchador.info\/wp-content\/uploads\/2023\/01\/f4-80x60.jpeg 80w, https:\/\/elluchador.info\/wp-content\/uploads\/2023\/01\/f4-100x75.jpeg 100w, https:\/\/elluchador.info\/wp-content\/uploads\/2023\/01\/f4-180x135.jpeg 180w, https:\/\/elluchador.info\/wp-content\/uploads\/2023\/01\/f4-238x178.jpeg 238w, https:\/\/elluchador.info\/wp-content\/uploads\/2023\/01\/f4-640x480.jpeg 640w, https:\/\/elluchador.info\/wp-content\/uploads\/2023\/01\/f4-681x511.jpeg 681w, https:\/\/elluchador.info\/wp-content\/uploads\/2023\/01\/f4.jpeg 1024w\" sizes=\"auto, (max-width: 300px) 100vw, 300px\" \/><\/p>\n<p>Adem\u00e1s, este emotivo encuentro sirvi\u00f3 para que el enlace territorial diera a conocer los nombres de qui\u00e9nes conformar\u00e1n el\u00a0 equipo pol\u00edtico estadal del Psuv y equipos municipales, anunciados el s\u00e1bado por la direcci\u00f3n nacional del PSUV, y que se convierten en amplio ejemplo de que revoluci\u00f3n hay unidad y organizaci\u00f3n.<\/p>\n<p>Rodr\u00edguez Cabello, asegur\u00f3 que en este acto queda demostrada la organizaci\u00f3n, disciplina y sobre todo la unidad para seguir cumpliendo las tareas encomendadas por el presidente, Nicol\u00e1s Maduro.<\/p>\n<p>&nbsp;<\/p>\n<p>La historia nos define y por eso hablamos de las cuatro etapas de la revoluci\u00f3n que vienen a dar pie a las siete l\u00edneas estrat\u00e9gicas para seguir impulsando los espacios, asegur\u00f3 el mayor general.<\/p>\n<p>&nbsp;<\/p>\n<p>Al respecto, el alcalde Sergio Hern\u00e1ndez dijo que esta jornada de formaci\u00f3n permitir\u00e1 a la militancia y a toda la RAAS ser portavoces de los contenidos de cada una de estas l\u00edneas de acci\u00f3n para dar su apoyo, comprensi\u00f3n y debate reiterando que solo el pueblo unido al Gobierno y a su partido lograremos las grandes victorias que est\u00e1n por venir.<\/p>\n<p>&nbsp;<\/p>\n<p>\u201cDesde Ciudad Bol\u00edvar seguimos debatiendo y discutiendo estas l\u00edneas de trabajo, donde est\u00e9 el pueblo, all\u00ed estaremos dando respuesta y apostando al desarrollo de la naci\u00f3n\u201d, dijo.<\/p>\n<p>&nbsp;<\/p>\n<p>Con respecto a los equipos integrantes de la direcci\u00f3n regional y equipos municipales, el enlace territorial felicit\u00f3 a todos y resalt\u00f3 la importancia de seguir avanzando unidos pueblo, partido y gobierno.<\/p>\n<p>&nbsp;<\/p>\n<p>As\u00ed como el Alcalde Sergio Hern\u00e1ndez destac\u00f3 que \u00aben Ciudad Bol\u00edvar, mantenemos la organizaci\u00f3n y disciplina para seguir unidos en el desarrollo y trabajo a favor del pueblo, a trav\u00e9s de las pol\u00edticas sociales y de inclusi\u00f3n de nuestro presidente, Nicol\u00e1s Maduro y nuestro gobernador \u00c1ngel Marcano\u00bb.<\/p>\n<p>&nbsp;<\/p>\n<p>Hern\u00e1ndez felicit\u00f3 al equipo regional as\u00ed como al equipo municipal y ratific\u00f3 que est\u00e1n a la completa disposici\u00f3n del partido y del presidente, Maduro para seguir adelante en esta 4ta etapa de la revoluci\u00f3n<\/p>\n<p>&nbsp;<\/p>\n<p>En la actividad estuvieron presentes Yaritza Aray, organizaci\u00f3n estadal, Ovany Aguirre, secretaria de Gobierno y coordinadora de Mujeres a nivel estadal, Adri\u00e1n Maya, de APC municipal y Carlos Rodr\u00edguez de Asuntos regionales y municipales a nivel municipal.<\/p>\n<p>&nbsp;<\/p>\n<p>El equipo regional qued\u00f3 integrado as\u00ed: Alexis Rodr\u00edguez Cabello, enlace; \u00c1ngel Marcando, Gobernador; Petra Yaritza Aray, Organizaci\u00f3n; alcalde, Sergio Hern\u00e1ndez; alcalde Tito Oviedo ; Jos\u00e9 Guillarte Jaramillo, secretario; Alexis Del Nogal, APC; Orlando Alcal\u00e1, Electoral; Antonio Valdez, formaci\u00f3n; Ovany Aguirre, mujeres; Arqu\u00edmedes Hidalgo, Trabajadores; Leonel Gonz\u00e1lez, Internacional; Pedro Perales, comunas; Ernesto Riveyo, Movilizaci\u00f3n y Eventos; Roinald Quiaragua, movimientos sociales; Lirisol Vel\u00e1squez, Asuntos Regionales y municipales; Gabriel Franco, Asuntos religiosos; Anthony Salazar, Juventud; Nairobis Guevara, misiones; Luis Negr\u00edn, Defensa; C\u00e1ndida Mujica, Finanzas;\u00a0 Yamira Su\u00e1rez, Econom\u00eda; \u00c1lvaro Fern\u00e1ndez, Ind\u00edgenas; Luis Zorrilla, Renny.Pe\u00f1a, Honorio Requena; Nancy Ascendi\u00f3, Zulay Betancourt, Florentina Cardona, Pedro Requena, Yinette Carias, Yusleibys Ram\u00edrez, Enlaces territoriales; \u00c1ngel Marcando, Sergio Hern\u00e1ndez, Richard Rosas, Ang\u00e9lica\u00a0 Barroso, Ruth Escobar, Jos\u00e9 Clemente Tat\u00e1, Briceida Qui\u00f1ones, Rub\u00e9n Pinto, Yurika Suzarra, Directores politicos.<\/p>\n<p><img loading=\"lazy\" decoding=\"async\" class=\"alignnone size-medium wp-image-236899\" src=\"https:\/\/elluchador.info\/web\/wp-content\/uploads\/2023\/01\/f5-300x153.jpeg\" alt=\"\" width=\"300\" height=\"153\" srcset=\"https:\/\/elluchador.info\/wp-content\/uploads\/2023\/01\/f5-300x153.jpeg 300w, https:\/\/elluchador.info\/wp-content\/uploads\/2023\/01\/f5-1024x521.jpeg 1024w, https:\/\/elluchador.info\/wp-content\/uploads\/2023\/01\/f5-768x390.jpeg 768w, https:\/\/elluchador.info\/wp-content\/uploads\/2023\/01\/f5-826x420.jpeg 826w, https:\/\/elluchador.info\/wp-content\/uploads\/2023\/01\/f5-640x325.jpeg 640w, https:\/\/elluchador.info\/wp-content\/uploads\/2023\/01\/f5-681x346.jpeg 681w, https:\/\/elluchador.info\/wp-content\/uploads\/2023\/01\/f5.jpeg 1080w\" sizes=\"auto, (max-width: 300px) 100vw, 300px\" \/><\/p>\n<p>El equipo municipal del PSUV en Angostura del Orinoco qued\u00f3 conformado as\u00ed: Alcalde Sergio Hern\u00e1ndez, coordinador; Roxibel Pino, Secretar\u00eda; Javier Bartolozzi, Organizaci\u00f3n; Adri\u00e1n Maya, APC; Juan Maurera, Electoral; Yosmar Betancourt, Formaci\u00f3n; Mildred D\u00edaz, mujeres; Juan Mireles, Trabajadores; Arcadio Acosta, Internacional; Henry Zumetta, comunas; Ingrid P\u00e9rez, Movilizaci\u00f3n y Eventos; Miguel Casanova, Movimientos sociales; Lisbethy Rodr\u00edguez, Asuntos Religiosos; Jos\u00e9 Forero, Juventud; Oslenys Gonz\u00e1lez, Misiones; Migdalys Rodr\u00edguez, Defensa; Lizzer Zamora, Econom\u00eda Productiva; Teresita Gonz\u00e1lez, Ind\u00edgenas; Erika Sambrano, Luis Villanera,\u00a0 Ixa Vera, Maricarmen Amador, Leopoldo Messi, Edwin Rojas, Euridis Vasquez, Enlaces Territoriales y Elvis Medina, Jos\u00e9 Gregorio Cascante,.Diana Castillo, Mar\u00eda Rivas, Mar\u00eda Montes de Oca, Yajaira Linares, Karina Piamo, \u00c1ngel Flores, directores pol\u00edticos. Prensa Psuv AO<\/p>\n<p>&nbsp;<\/p>\n","protected":false},"excerpt":{"rendered":"<p>Este fin de semana la estructura RAAS del municipio Angostura del Orinoco particip\u00f3 en una jornada de reafirmaci\u00f3n de la lealtad y el compromiso revolucionario al estar presente y siempre consecuente cumpliendo con la discusi\u00f3n y debate de las siete L\u00edneas de trabajo encomendadas por el presidente, Nicol\u00e1s Maduro, en el marco de la 4ta [&hellip;]<\/p>\n","protected":false},"author":19,"featured_media":236895,"comment_status":"closed","ping_status":"closed","sticky":false,"template":"","format":"standard","meta":{"footnotes":""},"categories":[5,11],"tags":[],"class_list":{"0":"post-236894","1":"post","2":"type-post","3":"status-publish","4":"format-standard","5":"has-post-thumbnail","7":"category-destacado","8":"category-politica"},"_links":{"self":[{"href":"https:\/\/elluchador.info\/index.php?rest_route=\/wp\/v2\/posts\/236894","targetHints":{"allow":["GET"]}}],"collection":[{"href":"https:\/\/elluchador.info\/index.php?rest_route=\/wp\/v2\/posts"}],"about":[{"href":"https:\/\/elluchador.info\/index.php?rest_route=\/wp\/v2\/types\/post"}],"author":[{"embeddable":true,"href":"https:\/\/elluchador.info\/index.php?rest_route=\/wp\/v2\/users\/19"}],"replies":[{"embeddable":true,"href":"https:\/\/elluchador.info\/index.php?rest_route=%2Fwp%2Fv2%2Fcomments&post=236894"}],"version-history":[{"count":1,"href":"https:\/\/elluchador.info\/index.php?rest_route=\/wp\/v2\/posts\/236894\/revisions"}],"predecessor-version":[{"id":236900,"href":"https:\/\/elluchador.info\/index.php?rest_route=\/wp\/v2\/posts\/236894\/revisions\/236900"}],"wp:featuredmedia":[{"embeddable":true,"href":"https:\/\/elluchador.info\/index.php?rest_route=\/wp\/v2\/media\/236895"}],"wp:attachment":[{"href":"https:\/\/elluchador.info\/index.php?rest_route=%2Fwp%2Fv2%2Fmedia&parent=236894"}],"wp:term":[{"taxonomy":"category","embeddable":true,"href":"https:\/\/elluchador.info\/index.php?rest_route=%2Fwp%2Fv2%2Fcategories&post=236894"},{"taxonomy":"post_tag","embeddable":true,"href":"https:\/\/elluchador.info\/index.php?rest_route=%2Fwp%2Fv2%2Ftags&post=236894"}],"curies":[{"name":"wp","href":"https:\/\/api.w.org\/{rel}","templated":true}]}}