{"id":236901,"date":"2023-01-22T19:29:59","date_gmt":"2023-01-22T23:29:59","guid":{"rendered":"https:\/\/elluchador.info\/web\/?p=236901"},"modified":"2023-01-22T19:29:59","modified_gmt":"2023-01-22T23:29:59","slug":"realizada-sesion-por-el-dia-del-pastor-y-pastora-en-ciudad-bolivar","status":"publish","type":"post","link":"https:\/\/elluchador.info\/?p=236901","title":{"rendered":"Realizada sesi\u00f3n por el D\u00eda del Pastor y Pastora en Ciudad Bol\u00edvar"},"content":{"rendered":"<p>El pasado s\u00e1bado, se realiz\u00f3 la sesi\u00f3n solemne en los espacios de la C\u00e1mara Municipal para celebrar el D\u00eda del Pastor y la Pastora, decretado desde el a\u00f1o 2019 por el presidente, Nicol\u00e1s Maduro y donde se dieron cita representantes de los templos cristianos evang\u00e9licos de las nueve parroquias del municipio Angostura del Orinoco.<\/p>\n<p><img loading=\"lazy\" decoding=\"async\" class=\"alignnone size-medium wp-image-236903\" src=\"https:\/\/elluchador.info\/web\/wp-content\/uploads\/2023\/01\/02-3-300x225.jpg\" alt=\"\" width=\"300\" height=\"225\" srcset=\"https:\/\/elluchador.info\/wp-content\/uploads\/2023\/01\/02-3-300x225.jpg 300w, https:\/\/elluchador.info\/wp-content\/uploads\/2023\/01\/02-3-1024x768.jpg 1024w, https:\/\/elluchador.info\/wp-content\/uploads\/2023\/01\/02-3-768x576.jpg 768w, https:\/\/elluchador.info\/wp-content\/uploads\/2023\/01\/02-3-1536x1152.jpg 1536w, https:\/\/elluchador.info\/wp-content\/uploads\/2023\/01\/02-3-560x420.jpg 560w, https:\/\/elluchador.info\/wp-content\/uploads\/2023\/01\/02-3-80x60.jpg 80w, https:\/\/elluchador.info\/wp-content\/uploads\/2023\/01\/02-3-100x75.jpg 100w, https:\/\/elluchador.info\/wp-content\/uploads\/2023\/01\/02-3-180x135.jpg 180w, https:\/\/elluchador.info\/wp-content\/uploads\/2023\/01\/02-3-238x178.jpg 238w, https:\/\/elluchador.info\/wp-content\/uploads\/2023\/01\/02-3-640x480.jpg 640w, https:\/\/elluchador.info\/wp-content\/uploads\/2023\/01\/02-3-681x511.jpg 681w, https:\/\/elluchador.info\/wp-content\/uploads\/2023\/01\/02-3.jpg 2048w\" sizes=\"auto, (max-width: 300px) 100vw, 300px\" \/><\/p>\n<p>El presidio estuvo integrado por el alcalde, Sergio Hern\u00e1ndez, el presidente de la C\u00e1mara Municipal, Carlos Rodr\u00edguez; la vicepresidenta, Katiuska Navarro; as\u00ed como el comisionado de Culto y Religi\u00f3n del municipio, pastor Edgar Mata; la legisladora, Elizabeth Conejero y el orador de orden pastor Silvio \u00c1vila.<\/p>\n<p>La actividad estuvo enmarcada dentro del amor, la sabidur\u00eda y la esperanza de los gu\u00edas espirituales, quienes elevaron sus oraciones por el bienestar y protecci\u00f3n del pueblo, bajo la palabra del Se\u00f1or; as\u00ed como el canto de varias alabanzas para armonizar la sesi\u00f3n especial que se llev\u00f3 en los espacios de la C\u00e1mara Municipal.<\/p>\n<p><img loading=\"lazy\" decoding=\"async\" class=\"alignnone size-medium wp-image-236904\" src=\"https:\/\/elluchador.info\/web\/wp-content\/uploads\/2023\/01\/06-3-300x169.jpg\" alt=\"\" width=\"300\" height=\"169\" srcset=\"https:\/\/elluchador.info\/wp-content\/uploads\/2023\/01\/06-3-300x169.jpg 300w, https:\/\/elluchador.info\/wp-content\/uploads\/2023\/01\/06-3-1024x576.jpg 1024w, https:\/\/elluchador.info\/wp-content\/uploads\/2023\/01\/06-3-768x432.jpg 768w, https:\/\/elluchador.info\/wp-content\/uploads\/2023\/01\/06-3-1536x864.jpg 1536w, https:\/\/elluchador.info\/wp-content\/uploads\/2023\/01\/06-3-747x420.jpg 747w, https:\/\/elluchador.info\/wp-content\/uploads\/2023\/01\/06-3-640x360.jpg 640w, https:\/\/elluchador.info\/wp-content\/uploads\/2023\/01\/06-3-681x383.jpg 681w, https:\/\/elluchador.info\/wp-content\/uploads\/2023\/01\/06-3-1021x580.jpg 1021w, https:\/\/elluchador.info\/wp-content\/uploads\/2023\/01\/06-3.jpg 2048w\" sizes=\"auto, (max-width: 300px) 100vw, 300px\" \/><\/p>\n<p>En este sentido, el l\u00edder municipal, agradeci\u00f3 la invitaci\u00f3n efectuada por el presidente de la C\u00e1mara Municipal, Carlos Rodr\u00edguez y todos los ediles; para acompa\u00f1ar este evento cargado de amor y esperanza.<\/p>\n<p>Adem\u00e1s record\u00f3 que recientemente el presidente, Nicol\u00e1s Maduro, tras sostener un encuentro con los pastores y pastoras de toda Venezuela, anunci\u00f3 dos programas como son Iglesia Bien Equipada y Coraz\u00f3n Cristiano; que se va a enlazar con el programa el Buen Pastor.<\/p>\n<p>\u201cEsto para seguir llevando esperanza a todos los espacios y nuestro pueblo se sienta m\u00e1s feliz, porque a nosotros nos mueve la esperanza y de la mano de los pastores es un trabajo hermanado, porque ellos son muchas veces la luz del faro para guiar a esa persona, a la familia y seguir el camino del bien\u201d, acot\u00f3 Hern\u00e1ndez.<\/p>\n<p>Por su parte, Carlos Rodr\u00edguez, presidente de la C\u00e1mara Municipal, agradeci\u00f3 a las personas por asistir a esta sesi\u00f3n que es una muestra de la unidad en todos los sectores, para seguir impulsando el bienestar de todas las personas.<\/p>\n<p>Rodr\u00edguez dijo que una vez m\u00e1s en Ciudad Bol\u00edvar se trabaja para el bienestar de todas las personas y que eso solo es posible en revoluci\u00f3n, \u201cporque juntos todo es posible\u201d.<\/p>\n<p>De igual forma, el comisionado de Culto y Religi\u00f3n del municipio, pastor Edgar Mata, dijo que estaban presentes personas de los distintos templos de las parroquias urbanas y for\u00e1neas del municipio, quienes asistieron al llamado para honrar esta fecha que fue decretada en Venezuela en el a\u00f1o 2019 por el presidente Nicol\u00e1s Maduro.<\/p>\n<p>\u201cNosotros somos esa mano amiga y lo seguiremos siendo, porque la mayor alegr\u00eda de nosotros es ver a todas las personas en paz, felices y ayudarlas en su transitar para seguir su camino hacia la paz y la esperanza\u201d, acot\u00f3 Mata.<\/p>\n<p>Asimismo el orador de Orden, pastor Silvio \u00c1vila llev\u00f3 un mensaje cargado de fe y esperanza a todos los presentes, que asistieron a la actividad.<\/p>\n<p><strong>Entrega de reconocimientos\u00a0<\/strong><\/p>\n<p>En este sentido, las autoridades realizaron la entrega de reconocimientos a los pastores y pastoras de los templos cristianos evang\u00e9licos que hacen vida en Ciudad Bol\u00edvar.<\/p>\n<p>Quienes con alegr\u00eda recibieron el reconocimiento efectuado por las autoridades municipales y de esta manera seguir enlazado para el bienestar de nuestro pueblo.<\/p>\n<p><strong>Reconocieron la labor del alcalde Sergio Hern\u00e1ndez.<\/strong><\/p>\n<p><img loading=\"lazy\" decoding=\"async\" class=\"alignnone size-medium wp-image-236905\" src=\"https:\/\/elluchador.info\/web\/wp-content\/uploads\/2023\/01\/07-2x-300x225.jpg\" alt=\"\" width=\"300\" height=\"225\" srcset=\"https:\/\/elluchador.info\/wp-content\/uploads\/2023\/01\/07-2x-300x225.jpg 300w, https:\/\/elluchador.info\/wp-content\/uploads\/2023\/01\/07-2x-1024x768.jpg 1024w, https:\/\/elluchador.info\/wp-content\/uploads\/2023\/01\/07-2x-768x576.jpg 768w, https:\/\/elluchador.info\/wp-content\/uploads\/2023\/01\/07-2x-1536x1152.jpg 1536w, https:\/\/elluchador.info\/wp-content\/uploads\/2023\/01\/07-2x-2048x1536.jpg 2048w, https:\/\/elluchador.info\/wp-content\/uploads\/2023\/01\/07-2x-560x420.jpg 560w, https:\/\/elluchador.info\/wp-content\/uploads\/2023\/01\/07-2x-80x60.jpg 80w, https:\/\/elluchador.info\/wp-content\/uploads\/2023\/01\/07-2x-100x75.jpg 100w, https:\/\/elluchador.info\/wp-content\/uploads\/2023\/01\/07-2x-180x135.jpg 180w, https:\/\/elluchador.info\/wp-content\/uploads\/2023\/01\/07-2x-238x178.jpg 238w, https:\/\/elluchador.info\/wp-content\/uploads\/2023\/01\/07-2x-640x480.jpg 640w, https:\/\/elluchador.info\/wp-content\/uploads\/2023\/01\/07-2x-681x511.jpg 681w\" sizes=\"auto, (max-width: 300px) 100vw, 300px\" \/><\/p>\n<p>Asimismo se le entregaron un reconocimiento al alcalde Sergio Hern\u00e1ndez, por el trabajo efectuado a favor de las congregaciones, as\u00ed como el fortalecimiento del programa el Buen Pastor, quien junto a su equipo de trabajo ha llevado alegr\u00eda y esperanza a todas las personas.<strong>Prensa Alcald\u00eda AO<\/strong><\/p>\n","protected":false},"excerpt":{"rendered":"<p>El pasado s\u00e1bado, se realiz\u00f3 la sesi\u00f3n solemne en los espacios de la C\u00e1mara Municipal para celebrar el D\u00eda del Pastor y la Pastora, decretado desde el a\u00f1o 2019 por el presidente, Nicol\u00e1s Maduro y donde se dieron cita representantes de los templos cristianos evang\u00e9licos de las nueve parroquias del municipio Angostura del Orinoco. El [&hellip;]<\/p>\n","protected":false},"author":19,"featured_media":236902,"comment_status":"closed","ping_status":"closed","sticky":false,"template":"","format":"standard","meta":{"footnotes":""},"categories":[5,20],"tags":[],"class_list":{"0":"post-236901","1":"post","2":"type-post","3":"status-publish","4":"format-standard","5":"has-post-thumbnail","7":"category-destacado","8":"category-municipal"},"_links":{"self":[{"href":"https:\/\/elluchador.info\/index.php?rest_route=\/wp\/v2\/posts\/236901","targetHints":{"allow":["GET"]}}],"collection":[{"href":"https:\/\/elluchador.info\/index.php?rest_route=\/wp\/v2\/posts"}],"about":[{"href":"https:\/\/elluchador.info\/index.php?rest_route=\/wp\/v2\/types\/post"}],"author":[{"embeddable":true,"href":"https:\/\/elluchador.info\/index.php?rest_route=\/wp\/v2\/users\/19"}],"replies":[{"embeddable":true,"href":"https:\/\/elluchador.info\/index.php?rest_route=%2Fwp%2Fv2%2Fcomments&post=236901"}],"version-history":[{"count":1,"href":"https:\/\/elluchador.info\/index.php?rest_route=\/wp\/v2\/posts\/236901\/revisions"}],"predecessor-version":[{"id":236906,"href":"https:\/\/elluchador.info\/index.php?rest_route=\/wp\/v2\/posts\/236901\/revisions\/236906"}],"wp:featuredmedia":[{"embeddable":true,"href":"https:\/\/elluchador.info\/index.php?rest_route=\/wp\/v2\/media\/236902"}],"wp:attachment":[{"href":"https:\/\/elluchador.info\/index.php?rest_route=%2Fwp%2Fv2%2Fmedia&parent=236901"}],"wp:term":[{"taxonomy":"category","embeddable":true,"href":"https:\/\/elluchador.info\/index.php?rest_route=%2Fwp%2Fv2%2Fcategories&post=236901"},{"taxonomy":"post_tag","embeddable":true,"href":"https:\/\/elluchador.info\/index.php?rest_route=%2Fwp%2Fv2%2Ftags&post=236901"}],"curies":[{"name":"wp","href":"https:\/\/api.w.org\/{rel}","templated":true}]}}