{"id":236909,"date":"2023-01-23T10:07:31","date_gmt":"2023-01-23T14:07:31","guid":{"rendered":"https:\/\/elluchador.info\/web\/?p=236909"},"modified":"2023-01-23T10:07:31","modified_gmt":"2023-01-23T14:07:31","slug":"ministro-de-comercio-y-69-empresarios-turcos-llegaron-a-venezuela-para-ronda-de-negocios","status":"publish","type":"post","link":"https:\/\/elluchador.info\/?p=236909","title":{"rendered":"Ministro de Comercio y 69 empresarios turcos llegaron a Venezuela para ronda de negocios"},"content":{"rendered":"<p>El ministro de Comercio Turqu\u00eda, Mehmet Mu\u015f, lleg\u00f3 a Venezuela acompa\u00f1ado por una delegaci\u00f3n de empresarios, para una ronda de negocios que incluir\u00e1 encuentros con autoridades y empresarios del sector privado, inform\u00f3 la Canciller\u00eda del pa\u00eds caribe\u00f1o.<\/p>\n<p>La delegaci\u00f3n turca, conformada por 69 empresarios, fue recibida en el aeropuerto internacional Sim\u00f3n Bol\u00edvar por el ministro de Comercio Nacional, Antonio Morales, y el viceministro de Comercio Exterior y Promoci\u00f3n de Inversiones, Johan \u00c1lvarez.<\/p>\n<p>\u201cEl objetivo de esta visita es avanzar hacia la consolidaci\u00f3n de la alianza estrat\u00e9gica entre ambos pa\u00edses, elevar el intercambio comercial y dinamizar la ejecuci\u00f3n de los acuerdos suscritos en la materia\u201d, dice un comunicado de la Canciller\u00eda.<\/p>\n<p>Los turcos participar\u00e1n en un foro empresarial este lunes y se reunir\u00e1n con m\u00e1s de 150 empresarios venezolanos del sector p\u00fablico y privado, en decenas de encuentros que est\u00e1n programados bajo el esquema de rueda de negocios.<\/p>\n<p>La visita guarda relaci\u00f3n con los compromisos adquiridos por el presidente Nicol\u00e1s Maduro, en junio pasado, cuando se reuni\u00f3 en Ankara con su hom\u00f3logo turco, Recep Tayyip Erdogan, y ambos sellaron varios acuerdos.<\/p>\n<p>Venezuela y Turqu\u00eda mantienen m\u00e1s de 40 acuerdos de cooperaci\u00f3n, que superaron en 2021 los 850 millones de d\u00f3lares- en \u00e1reas como la defensa, transporte a\u00e9reo y mar\u00edtimo, comercio, finanzas, educaci\u00f3n, turismo, agricultura, ciencia y tecnolog\u00eda.<\/p>\n<p>Con informaci\u00f3n de www.globovision.com<\/p>\n","protected":false},"excerpt":{"rendered":"<p>El ministro de Comercio Turqu\u00eda, Mehmet Mu\u015f, lleg\u00f3 a Venezuela acompa\u00f1ado por una delegaci\u00f3n de empresarios, para una ronda de negocios que incluir\u00e1 encuentros con autoridades y empresarios del sector privado, inform\u00f3 la Canciller\u00eda del pa\u00eds caribe\u00f1o. La delegaci\u00f3n turca, conformada por 69 empresarios, fue recibida en el aeropuerto internacional Sim\u00f3n Bol\u00edvar por el ministro [&hellip;]<\/p>\n","protected":false},"author":19,"featured_media":236910,"comment_status":"closed","ping_status":"closed","sticky":false,"template":"","format":"standard","meta":{"footnotes":""},"categories":[6],"tags":[],"class_list":{"0":"post-236909","1":"post","2":"type-post","3":"status-publish","4":"format-standard","5":"has-post-thumbnail","7":"category-economia"},"_links":{"self":[{"href":"https:\/\/elluchador.info\/index.php?rest_route=\/wp\/v2\/posts\/236909","targetHints":{"allow":["GET"]}}],"collection":[{"href":"https:\/\/elluchador.info\/index.php?rest_route=\/wp\/v2\/posts"}],"about":[{"href":"https:\/\/elluchador.info\/index.php?rest_route=\/wp\/v2\/types\/post"}],"author":[{"embeddable":true,"href":"https:\/\/elluchador.info\/index.php?rest_route=\/wp\/v2\/users\/19"}],"replies":[{"embeddable":true,"href":"https:\/\/elluchador.info\/index.php?rest_route=%2Fwp%2Fv2%2Fcomments&post=236909"}],"version-history":[{"count":1,"href":"https:\/\/elluchador.info\/index.php?rest_route=\/wp\/v2\/posts\/236909\/revisions"}],"predecessor-version":[{"id":236911,"href":"https:\/\/elluchador.info\/index.php?rest_route=\/wp\/v2\/posts\/236909\/revisions\/236911"}],"wp:featuredmedia":[{"embeddable":true,"href":"https:\/\/elluchador.info\/index.php?rest_route=\/wp\/v2\/media\/236910"}],"wp:attachment":[{"href":"https:\/\/elluchador.info\/index.php?rest_route=%2Fwp%2Fv2%2Fmedia&parent=236909"}],"wp:term":[{"taxonomy":"category","embeddable":true,"href":"https:\/\/elluchador.info\/index.php?rest_route=%2Fwp%2Fv2%2Fcategories&post=236909"},{"taxonomy":"post_tag","embeddable":true,"href":"https:\/\/elluchador.info\/index.php?rest_route=%2Fwp%2Fv2%2Ftags&post=236909"}],"curies":[{"name":"wp","href":"https:\/\/api.w.org\/{rel}","templated":true}]}}