{"id":236915,"date":"2023-01-23T10:11:32","date_gmt":"2023-01-23T14:11:32","guid":{"rendered":"https:\/\/elluchador.info\/web\/?p=236915"},"modified":"2023-01-23T10:11:32","modified_gmt":"2023-01-23T14:11:32","slug":"continuan-las-protestas-en-peru-liberan-a-192-detenidos-en-la-universidad-de-san-marcos","status":"publish","type":"post","link":"https:\/\/elluchador.info\/?p=236915","title":{"rendered":"Contin\u00faan las protestas en Per\u00fa: Liberan a 192 detenidos en la Universidad de San Marcos"},"content":{"rendered":"<p>Las protestas que exigen la renuncia de la presidenta interina de Per\u00fa, Dina Boluarte, y la celebraci\u00f3n inmediata de elecciones generales, no se detienen en Per\u00fa.<\/p>\n<p>Durante las movilizaciones de este domingo en Arequipa, se registraron enfrentamientos entre ciudadanos y miembros de las fuerzas del orden tras el arresto de dos manifestantes.<\/p>\n<p>De acuerdo con medios locales, los manifestantes \u2014que portaban c\u00f3cteles molotov, piedras y objetos contundentes para poder ingresar en la comisar\u00eda de La Joya con el prop\u00f3sito de liberar a sus compa\u00f1eros\u2014 intentaron incendiar las instalaciones, pero los oficiales lograron dispersar a los atacantes utilizando escudos y bombas lacrim\u00f3genas.<\/p>\n<p>Al menos cuatro ciudadanos fueron evacuados a un centro de salud, precis\u00f3 un testigo al diario La Rep\u00fablica, y agreg\u00f3 que en el enfrentamiento tambi\u00e9n estaban involucrados militares que hicieron \u00abdisparos al aire\u00bb.<\/p>\n<p>En la regi\u00f3n de Puno, en el sur del pa\u00eds, tambi\u00e9n contin\u00faan los actos de violencia, que en los \u00faltimos d\u00edas han pasado de tomas de aeropuertos a la quema de instituciones p\u00fablicas. Entre los edificios afectados se encuentra una comisar\u00eda, sedes de la Superintendencia Nacional de Aduanas y de Administraci\u00f3n Tributaria, la Superintendencia Nacional de Migraciones, el Servicio Nacional de Sanidad Agraria y hasta bancos.<\/p>\n<p>Se reporta que el ataque en el sector de Kasani, a pocos metros de la frontera con Bolivia, ocurri\u00f3 debido a los 23 fallecidos y decenas de heridos que dejaron los enfrentamientos con las fuerzas del orden. Los manifestantes rodearon la comisar\u00eda y lanzaron piedras con el objetivo de destruirlo todo.<\/p>\n<p>Mientras, siguen las manifestaciones en Lima donde las personas marchan con banderas y pancartas que exigen el adelanto de las elecciones y el cierre del Congreso.<\/p>\n<p>Por su parte, la empresa minera Antapaccay ha emitido un comunicado anunciando la paralizaci\u00f3n temporal de sus operaciones debido al riesgo de que el campamento sea atacado nuevamente. Previamente un grupo de manifestantes irrumpi\u00f3 el viernes en la mina, ubicada en la provincia de Espinar, regi\u00f3n de Cusco, para detener sus actividades.<\/p>\n<p>En este contexto, Antapaccay inst\u00f3 a las dirigencias sociales a establecer un di\u00e1logo con las autoridades nacionales para poner fin a la mort\u00edfera ola de violencia que sacude a Per\u00fa.<\/p>\n<p>Mientras tanto, en la tarde de este domingo, el Ministerio P\u00fablico del pa\u00eds anunci\u00f3 a trav\u00e9s de un comunicado la liberaci\u00f3n de 192 personas. Sin embargo, un ciudadano quedar\u00e1 detenido por tener requisitoria, detall\u00f3 el Ministerio. Se trata de los detenidos el s\u00e1bado en el campus de la Universidad Nacional Mayor de San Marcos (UNMSM) en Lima, donde los agentes acudieron tras una \u00abdenuncia por agresiones\u00bb de la propia instituci\u00f3n, que luego conden\u00f3 el \u00ababuso de autoridad\u00bb de la Polic\u00eda.<\/p>\n<p>Con informaci\u00f3n de www.globovision.com<\/p>\n","protected":false},"excerpt":{"rendered":"<p>Las protestas que exigen la renuncia de la presidenta interina de Per\u00fa, Dina Boluarte, y la celebraci\u00f3n inmediata de elecciones generales, no se detienen en Per\u00fa. Durante las movilizaciones de este domingo en Arequipa, se registraron enfrentamientos entre ciudadanos y miembros de las fuerzas del orden tras el arresto de dos manifestantes. De acuerdo con [&hellip;]<\/p>\n","protected":false},"author":19,"featured_media":236916,"comment_status":"closed","ping_status":"closed","sticky":false,"template":"","format":"standard","meta":{"footnotes":""},"categories":[8],"tags":[],"class_list":{"0":"post-236915","1":"post","2":"type-post","3":"status-publish","4":"format-standard","5":"has-post-thumbnail","7":"category-internacionales"},"_links":{"self":[{"href":"https:\/\/elluchador.info\/index.php?rest_route=\/wp\/v2\/posts\/236915","targetHints":{"allow":["GET"]}}],"collection":[{"href":"https:\/\/elluchador.info\/index.php?rest_route=\/wp\/v2\/posts"}],"about":[{"href":"https:\/\/elluchador.info\/index.php?rest_route=\/wp\/v2\/types\/post"}],"author":[{"embeddable":true,"href":"https:\/\/elluchador.info\/index.php?rest_route=\/wp\/v2\/users\/19"}],"replies":[{"embeddable":true,"href":"https:\/\/elluchador.info\/index.php?rest_route=%2Fwp%2Fv2%2Fcomments&post=236915"}],"version-history":[{"count":1,"href":"https:\/\/elluchador.info\/index.php?rest_route=\/wp\/v2\/posts\/236915\/revisions"}],"predecessor-version":[{"id":236917,"href":"https:\/\/elluchador.info\/index.php?rest_route=\/wp\/v2\/posts\/236915\/revisions\/236917"}],"wp:featuredmedia":[{"embeddable":true,"href":"https:\/\/elluchador.info\/index.php?rest_route=\/wp\/v2\/media\/236916"}],"wp:attachment":[{"href":"https:\/\/elluchador.info\/index.php?rest_route=%2Fwp%2Fv2%2Fmedia&parent=236915"}],"wp:term":[{"taxonomy":"category","embeddable":true,"href":"https:\/\/elluchador.info\/index.php?rest_route=%2Fwp%2Fv2%2Fcategories&post=236915"},{"taxonomy":"post_tag","embeddable":true,"href":"https:\/\/elluchador.info\/index.php?rest_route=%2Fwp%2Fv2%2Ftags&post=236915"}],"curies":[{"name":"wp","href":"https:\/\/api.w.org\/{rel}","templated":true}]}}