{"id":236921,"date":"2023-01-23T10:17:08","date_gmt":"2023-01-23T14:17:08","guid":{"rendered":"https:\/\/elluchador.info\/web\/?p=236921"},"modified":"2023-01-23T10:17:08","modified_gmt":"2023-01-23T14:17:08","slug":"petro-anuncia-medidas-de-emergencia-por-derrumbes-en-el-suroeste-de-colombia","status":"publish","type":"post","link":"https:\/\/elluchador.info\/?p=236921","title":{"rendered":"Petro anuncia medidas de emergencia por derrumbes en el suroeste de Colombia"},"content":{"rendered":"<p>El presidente de Colombia, Gustavo Petro, ha presentado este domingo las medidas acordadas con el Consejo Extraordinario de Ministros en el municipio de Ipiales (departamento de Nari\u00f1o) para atender la emergencia en el suroeste del pa\u00eds debido a los derrumbes que provocaron la semana pasada el cierre total de la v\u00eda Panamericana, que conecta los departamentos del Cauca y de Nari\u00f1o.<\/p>\n<p>Los deslizamientos de tierra que inhabilitaron el tr\u00e1nsito por la carretera complicaron el transporte a Nari\u00f1o, que alberga a m\u00e1s de 1,6 millones de personas, generando escasez de combustibles y otros productos.<\/p>\n<p>Garantizar el abastecimiento de gasolina<\/p>\n<p>\u00abTenemos que mitigar los efectos de la incomunicaci\u00f3n. Para ello, el primer gran tema tiene que ver con la gasolina. Se han establecido varias rutas, que ya est\u00e1n en uso, de abastecimiento de gasolina en el departamento. Una v\u00eda es mar\u00edtima, otra que tiene que ver con el cruce por Ecuador\u00bb, anunci\u00f3 Petro.<\/p>\n<p>El presidente colombiano asegur\u00f3 que el Gobierno aumentar\u00e1 los env\u00edos de combustible a la regi\u00f3n. \u00abHay un barco ya cumpliendo esa funci\u00f3n entre Buenaventura y Tumaco\u00bb, subray\u00f3, y precis\u00f3 que esa pol\u00edtica \u00abse mantendr\u00e1 de manera continua hasta que cese la emergencia\u00bb.<\/p>\n<p>En ese sentido, Petro tambi\u00e9n abord\u00f3 el \u00abincremento especulativo de precios\u00bb que supuso dificultades para el abastecimiento de gasolina a la regi\u00f3n y al que su Gobierno va a poner fin.<\/p>\n<p>\u00abHay unos precios que, consultando el encarecimiento de fletes, las dificultades, nos parecen los normales. Esos precios tendr\u00e1n como l\u00edmite 8.916 pesos (1,90 d\u00f3lares) gal\u00f3n gasolina y 8.396 pesos (1.79 d\u00f3lares) gal\u00f3n di\u00e9sel\u00bb, anunci\u00f3.<\/p>\n<p>Comprar cosechas de Nari\u00f1o<\/p>\n<p>El Estado tambi\u00e9n se comprometi\u00f3 a comprar las cosechas de Nari\u00f1o, que ser\u00e1n repartidas en zonas que sufren necesidades. \u00abLa mayor parte de lo que exporta el departamento de Nari\u00f1o al resto del pa\u00eds se llevar\u00e1 a los territorios con mayores \u00edndices de hambre en toda Colombia\u00bb, agreg\u00f3, indicando que adicionalmente se organizar\u00e1 la compra de tierras en lugares cercanos a donde sucedi\u00f3 el desastre.<\/p>\n<p>El objetivo es que \u00abcada familia que antes del desastre ten\u00eda media hect\u00e1rea como propiedad pase a tener cinco hect\u00e1reas de tierra f\u00e9rtil y pueda iniciar un proceso de mayor prosperidad familiar y productiva en la regi\u00f3n\u00bb, destac\u00f3 el mandatario colombiano.<\/p>\n<p>Sector lechero y de transporte<\/p>\n<p>Entre otras medidas, el Gobierno prometi\u00f3 organizar mesas con los sectores afectados por la incomunicaci\u00f3n, como la industria lechera de la regi\u00f3n, a la que las autoridades pretenden ayudar buscando que se compren m\u00e1s de 400.000 toneladas de leche a los productores locales. El objetivo es usarla en la producci\u00f3n de quesos, yogures y otros productos l\u00e1cteos, que luego comprar\u00e1 en su totalidad el Gobierno para repartirlos en el resto del pa\u00eds en el marco de la lucha contra el hambre.<\/p>\n<p>En lo que respecta a los camioneros y otros transportistas de Nari\u00f1o, se les pagar\u00e1n los fletes de bienes menos perecederos, \u00abde tal manera que salgan gratuitos para los productores agrarios en el departamento\u00bb, a\u00f1adi\u00f3 Petro.<\/p>\n<p>Con informaci\u00f3n de www.globovision.com<\/p>\n","protected":false},"excerpt":{"rendered":"<p>El presidente de Colombia, Gustavo Petro, ha presentado este domingo las medidas acordadas con el Consejo Extraordinario de Ministros en el municipio de Ipiales (departamento de Nari\u00f1o) para atender la emergencia en el suroeste del pa\u00eds debido a los derrumbes que provocaron la semana pasada el cierre total de la v\u00eda Panamericana, que conecta los [&hellip;]<\/p>\n","protected":false},"author":19,"featured_media":236922,"comment_status":"closed","ping_status":"closed","sticky":false,"template":"","format":"standard","meta":{"footnotes":""},"categories":[8],"tags":[],"class_list":{"0":"post-236921","1":"post","2":"type-post","3":"status-publish","4":"format-standard","5":"has-post-thumbnail","7":"category-internacionales"},"_links":{"self":[{"href":"https:\/\/elluchador.info\/index.php?rest_route=\/wp\/v2\/posts\/236921","targetHints":{"allow":["GET"]}}],"collection":[{"href":"https:\/\/elluchador.info\/index.php?rest_route=\/wp\/v2\/posts"}],"about":[{"href":"https:\/\/elluchador.info\/index.php?rest_route=\/wp\/v2\/types\/post"}],"author":[{"embeddable":true,"href":"https:\/\/elluchador.info\/index.php?rest_route=\/wp\/v2\/users\/19"}],"replies":[{"embeddable":true,"href":"https:\/\/elluchador.info\/index.php?rest_route=%2Fwp%2Fv2%2Fcomments&post=236921"}],"version-history":[{"count":1,"href":"https:\/\/elluchador.info\/index.php?rest_route=\/wp\/v2\/posts\/236921\/revisions"}],"predecessor-version":[{"id":236923,"href":"https:\/\/elluchador.info\/index.php?rest_route=\/wp\/v2\/posts\/236921\/revisions\/236923"}],"wp:featuredmedia":[{"embeddable":true,"href":"https:\/\/elluchador.info\/index.php?rest_route=\/wp\/v2\/media\/236922"}],"wp:attachment":[{"href":"https:\/\/elluchador.info\/index.php?rest_route=%2Fwp%2Fv2%2Fmedia&parent=236921"}],"wp:term":[{"taxonomy":"category","embeddable":true,"href":"https:\/\/elluchador.info\/index.php?rest_route=%2Fwp%2Fv2%2Fcategories&post=236921"},{"taxonomy":"post_tag","embeddable":true,"href":"https:\/\/elluchador.info\/index.php?rest_route=%2Fwp%2Fv2%2Ftags&post=236921"}],"curies":[{"name":"wp","href":"https:\/\/api.w.org\/{rel}","templated":true}]}}