{"id":236924,"date":"2023-01-23T10:21:55","date_gmt":"2023-01-23T14:21:55","guid":{"rendered":"https:\/\/elluchador.info\/web\/?p=236924"},"modified":"2023-01-23T10:21:55","modified_gmt":"2023-01-23T14:21:55","slug":"presidentes-de-argentina-y-brasil-lanzaran-proyecto-de-moneda-unica-latinoamericana","status":"publish","type":"post","link":"https:\/\/elluchador.info\/?p=236924","title":{"rendered":"Presidentes de Argentina y Brasil lanzar\u00e1n proyecto de moneda \u00fanica latinoamericana"},"content":{"rendered":"<p>Argentina y Brasil prev\u00e9n avanzar en las discusiones sobre una moneda suramericana com\u00fan en la visita del presidente brasile\u00f1o, Luiz In\u00e1cio Lula da Silva, a Buenos Aires, seg\u00fan ratific\u00f3 el Gobierno argentino, aunque funcionarios y analistas no prev\u00e9n que se implemente en el corto plazo.<\/p>\n<p>\u00abDecidimos avanzar en las discusiones sobre una moneda suramericana com\u00fan que pueda usarse tanto para los flujos financieros como comerciales, reduciendo los costos operativos y reduciendo nuestra vulnerabilidad externa\u00bb, indic\u00f3 un comunicado del Gobierno de Alberto Fern\u00e1ndez, con motivo de la visita de Lula da Silva.<\/p>\n<p>\u00abTenemos la intenci\u00f3n de superar las barreras a nuestros intercambios, simplificar y modernizar las reglas y fomentar el uso de las monedas locales\u00bb, agrega como uno de los acuerdos para relanzar la alianza estrat\u00e9gica entre ambos pa\u00edses.<\/p>\n<p>El plan -que se debatir\u00e1 en la visita de Lula, quien llega este domingo a Argentina y se reunir\u00e1 el lunes con su par para suscribir una serie de acuerdos en diferentes tem\u00e1ticas- incluye la posibilidad de que la moneda com\u00fan se extienda a otros pa\u00edses, seg\u00fan fuentes oficiales.<\/p>\n<p>\u00abHabr\u00e1 (&#8230;) una decisi\u00f3n de comenzar a estudiar los par\u00e1metros necesarios para una moneda com\u00fan, que incluye desde cuestiones fiscales hasta el tama\u00f1o de la econom\u00eda y el papel de los bancos centrales\u00bb, dijo el ministro de Econom\u00eda de Argentina, Sergio Massa, al diario Financial Times, seg\u00fan public\u00f3 el domingo.<\/p>\n<p>Seg\u00fan agreg\u00f3 el ministro, \u00abser\u00eda un estudio de mecanismos de integraci\u00f3n comercial\u00bb, aunque se\u00f1al\u00f3 que no quer\u00eda \u00abcrear falsas expectativas\u00bb porque \u00abes el primer paso de un largo camino que Am\u00e9rica Latina debe recorrer\u00bb.<\/p>\n<p>Largo plazo<\/p>\n<p>\u00abNada de eso que dice son medidas de corto plazo\u00bb, afirm\u00f3 a la agencia de noticias EFE el director de la consultora Abeceb y ministro de Producci\u00f3n durante la gesti\u00f3n de Mauricio Macri (2015-2019), Dante Sica.<\/p>\n<p>Sica record\u00f3 que durante ese mandato se hab\u00eda avanzado en una carta de intenci\u00f3n entre ambos pa\u00edses para empezar a estudiar la posibilidad de tener una moneda com\u00fan mediante un programa con el Banco Interamericano de Desarrollo, y que fue el banco central brasile\u00f1o el que fren\u00f3 la iniciativa.<\/p>\n<p>Seg\u00fan dijo Sica, \u00abla resistencia del banco central de Brasil es fuerte\u00bb porque Argentina tiene una inflaci\u00f3n de 94,8 % en 2022 y los privados proyectan un 98,4 % en 2023, seg\u00fan las expectativas relevadas por el Banco Central argentino, y \u00abno tiene un programa consistente para bajar la inflaci\u00f3n de largo plazo\u00bb.<\/p>\n<p>\u00abLa moneda en conjunto se construye con un gran nivel de confianza, pol\u00edticas macroecon\u00f3micas establecidas y rangos de inflaci\u00f3n similares\u00bb, agreg\u00f3 Sica, ya que en Brasil se proyecta una inflaci\u00f3n de 4,8 % en 2023.<\/p>\n<p>Alternativas<\/p>\n<p>Como camino intermedio, Sica indic\u00f3 que podr\u00eda habilitarse un \u00abswap\u00bb de monedas, que ambas Administraciones vienen negociando desde el a\u00f1o pasado. De esta manera, en vez de hacer un balance diario para ver qu\u00e9 pa\u00eds pone los d\u00f3lares para liquidar las exportaciones, se har\u00eda cada seis meses.<\/p>\n<p>\u00abEso es financiamiento, no es moneda \u00fanica\u00bb, aclar\u00f3 Sica, por lo que ambos pa\u00edses deben acordar una tasa de inter\u00e9s.<\/p>\n<p>En el mismo sentido, el director general de DNI Consultores, Marcelo Elizondo, explic\u00f3 a la agencia de noticias EFE que el equipo de Massa habla de un proyecto de moneda com\u00fan para los intercambios comerciales entre las empresas de los dos pa\u00edses.<\/p>\n<p>\u00abEs una moneda a la que cotizar\u00eda el peso y el real y que servir\u00eda para pagar las transacciones de las empresas de los dos pa\u00edses para no depender del d\u00f3lar\u00bb, explic\u00f3 Elizondo, al indicar que esa nueva moneda ser\u00eda como un \u00abnomenclador con conversi\u00f3n a monedas nacionales\u00bb.<\/p>\n<p>Igualmente, Elizondo explic\u00f3 que \u00abrequiere la coordinaci\u00f3n de los dos pa\u00edses y de los dos bancos centrales\u00bb, al se\u00f1alar que el brasile\u00f1o es aut\u00f3nomo pero el argentino es dependiente del Poder Ejecutivo.<\/p>\n<p>Adem\u00e1s, las transacciones entre particulares de los dos pa\u00edses requerir\u00edan \u00abde una \u00e1gil respuesta\u00bb de los dos bancos centrales para cubrir lo que antes se hac\u00eda v\u00eda d\u00f3lar, lo que implica \u00abceder\u00bb en la pol\u00edtica de restricciones a las importaciones y a la entrega de divisas para pagar las compras externas que aplica Argentina por la falta de reservas internacionales.<\/p>\n<p>Brasil es el principal socio comercial de Argentina, la cual cerr\u00f3 con un d\u00e9ficit de 2.250 millones de d\u00f3lares la relaci\u00f3n comercial con el pa\u00eds vecino en 2022, aunque menor al promedio de 3.500 millones de d\u00f3lares registrado entre 2004 y 2018, seg\u00fan Abeceb.<\/p>\n<p>El retorno de Lula da Silva al poder -luego de que el expresidente brasile\u00f1o Jair Bolsonaro (2019-2022) tuviera mala relaci\u00f3n con el Gobierno de Fern\u00e1ndez- ha incrementado las expectativas de profundizar la relaci\u00f3n bilateral entre Argentina y Brasil, pero los economistas resaltan el poder de las instituciones brasile\u00f1as.<\/p>\n<p>Presidente brasile\u00f1o llega a Argentina para participar en la VIII cumbre de la Celac<\/p>\n<p>El presidente brasile\u00f1o, Luiz In\u00e1cio Lula da Silva, aterriz\u00f3 en horas de la noche de este domingo en la capital argentina para participar en la VII Cumbre de Jefes de Estado de la Comunidad de Estados Latinoamericanos y Caribe\u00f1os (CELAC) y mantener una reuni\u00f3n con su hom\u00f3logo argentino Alberto Fern\u00e1ndez.<\/p>\n<p>Lula da Silva aterriz\u00f3 en Argentina poco despu\u00e9s de las 09:00 de la noche (hora local) y fue recibido por el canciller argentino Santiago Cafiero.<\/p>\n<p>La VII Cumbre de Jefes de Estado de la Celac estar\u00e1 marcada por el regreso de Brasil al mecanismo de integraci\u00f3n regional.<\/p>\n<p>Desde el Gobierno argentino indicaron que ambos mandatarios pretenden avanzar en las discusiones sobre una moneda suramericana com\u00fan<\/p>\n<p>\u00abDecidimos avanzar en las discusiones sobre una moneda suramericana com\u00fan que pueda usarse tanto para los flujos financieros como comerciales, reduciendo los costos operativos y reduciendo nuestra vulnerabilidad externa\u00bb, indica un comunicado del Gobierno de Alberto Fern\u00e1ndez.<\/p>\n<p>Tambi\u00e9n expresar\u00e1n su condena a toda forma de extremismo antidemocr\u00e1tico y de violencia pol\u00edtica, y abogaron por consolidar la paz y la democracia en la regi\u00f3n.<\/p>\n<p>Se espera que durante el encuentro, se reactiven espacios de cooperaci\u00f3n y di\u00e1logo que fueron suspendidos por el expresidente brasile\u00f1o Jair Bolsonaro.<\/p>\n<p>El texto se\u00f1ala que Lula da Silva y Alberto Fern\u00e1ndez trabajar\u00e1n en temas relacionados a la lucha contra el hambre y la pobreza, la salud, la educaci\u00f3n, el desarrollo sostenible, el enfrentamiento al cambio clim\u00e1tico y la reducci\u00f3n de las desigualdades.<\/p>\n<p>La reuni\u00f3n de este lunes ser\u00e1 el primer encuentro presidencial entre Brasil y Argentina en m\u00e1s de tres a\u00f1os.<\/p>\n<p>Con informaci\u00f3n de www.globovision.com<\/p>\n","protected":false},"excerpt":{"rendered":"<p>Argentina y Brasil prev\u00e9n avanzar en las discusiones sobre una moneda suramericana com\u00fan en la visita del presidente brasile\u00f1o, Luiz In\u00e1cio Lula da Silva, a Buenos Aires, seg\u00fan ratific\u00f3 el Gobierno argentino, aunque funcionarios y analistas no prev\u00e9n que se implemente en el corto plazo. \u00abDecidimos avanzar en las discusiones sobre una moneda suramericana com\u00fan [&hellip;]<\/p>\n","protected":false},"author":19,"featured_media":236925,"comment_status":"closed","ping_status":"closed","sticky":false,"template":"","format":"standard","meta":{"footnotes":""},"categories":[8],"tags":[],"class_list":{"0":"post-236924","1":"post","2":"type-post","3":"status-publish","4":"format-standard","5":"has-post-thumbnail","7":"category-internacionales"},"_links":{"self":[{"href":"https:\/\/elluchador.info\/index.php?rest_route=\/wp\/v2\/posts\/236924","targetHints":{"allow":["GET"]}}],"collection":[{"href":"https:\/\/elluchador.info\/index.php?rest_route=\/wp\/v2\/posts"}],"about":[{"href":"https:\/\/elluchador.info\/index.php?rest_route=\/wp\/v2\/types\/post"}],"author":[{"embeddable":true,"href":"https:\/\/elluchador.info\/index.php?rest_route=\/wp\/v2\/users\/19"}],"replies":[{"embeddable":true,"href":"https:\/\/elluchador.info\/index.php?rest_route=%2Fwp%2Fv2%2Fcomments&post=236924"}],"version-history":[{"count":1,"href":"https:\/\/elluchador.info\/index.php?rest_route=\/wp\/v2\/posts\/236924\/revisions"}],"predecessor-version":[{"id":236926,"href":"https:\/\/elluchador.info\/index.php?rest_route=\/wp\/v2\/posts\/236924\/revisions\/236926"}],"wp:featuredmedia":[{"embeddable":true,"href":"https:\/\/elluchador.info\/index.php?rest_route=\/wp\/v2\/media\/236925"}],"wp:attachment":[{"href":"https:\/\/elluchador.info\/index.php?rest_route=%2Fwp%2Fv2%2Fmedia&parent=236924"}],"wp:term":[{"taxonomy":"category","embeddable":true,"href":"https:\/\/elluchador.info\/index.php?rest_route=%2Fwp%2Fv2%2Fcategories&post=236924"},{"taxonomy":"post_tag","embeddable":true,"href":"https:\/\/elluchador.info\/index.php?rest_route=%2Fwp%2Fv2%2Ftags&post=236924"}],"curies":[{"name":"wp","href":"https:\/\/api.w.org\/{rel}","templated":true}]}}