{"id":236943,"date":"2023-01-23T11:36:58","date_gmt":"2023-01-23T15:36:58","guid":{"rendered":"https:\/\/elluchador.info\/web\/?p=236943"},"modified":"2023-01-23T11:36:58","modified_gmt":"2023-01-23T15:36:58","slug":"no-puede-dormir-estudio-vincula-la-creencia-en-fenomenos-paranormales-con-los-trastornos-del-sueno","status":"publish","type":"post","link":"https:\/\/elluchador.info\/?p=236943","title":{"rendered":"\u00bfNo puede dormir? Estudio vincula la creencia en fen\u00f3menos paranormales con los trastornos del sue\u00f1o"},"content":{"rendered":"<p>Un grupo de investigadores brit\u00e1nicos ha encontrado un v\u00ednculo entre la creencia en fen\u00f3menos paranormales y algunos trastornos del sue\u00f1o, seg\u00fan se detalla en una nueva investigaci\u00f3n publicada por la revista Journal of Sleep Research.<\/p>\n<p>En concreto, y tras reclutar a casi 9 mil personas mayores de 18 a\u00f1os, los cient\u00edficos concluyeron que los participantes que cre\u00edan en fantasmas, demonios, extraterrestres, la capacidad de comunicarse con los muertos o la vida despu\u00e9s de la muerte, experimentaban problemas para conciliar el sue\u00f1o.<\/p>\n<p>\u00abLos resultados obtenidos aqu\u00ed indican que existen asociaciones entre las creencias en lo paranormal y diversas variables del sue\u00f1o\u00bb, escribieron los investigadores.<\/p>\n<p>Una baja calidad del sue\u00f1o<\/p>\n<p>Estas dificultades para dormir se ve\u00edan reflejadas en una menor calidad del sue\u00f1o, una mayor latencia, menos horas de sue\u00f1o y un aumento de los s\u00edntomas de insomnio, informaron los autores del estudio.<\/p>\n<p>Incluso, observaron un v\u00ednculo entre quienes cre\u00edan en la visita de los alien\u00edgenas a la Tierra y la par\u00e1lisis del sue\u00f1o, que implica una breve incapacidad de movimiento al despertar o quedarse dormido; y el s\u00edndrome de la cabeza explosiva, donde la persona suele escuchar ruidos y golpes fuertes mientras duerme.<\/p>\n<p>Otras explicaciones posibles<\/p>\n<p>El informe no ten\u00eda como principal objetivo determinar la causa de esta relaci\u00f3n, pero sugiere que, por ejemplo, el s\u00edndrome de la cabeza explosiva y la par\u00e1lisis del sue\u00f1o est\u00e1n relacionadas con alucinaciones visuales y auditivas. Es decir, alguien que \u00abexperimenta sonidos o im\u00e1genes asociadas durante el sue\u00f1o podr\u00eda interpretar esto como una evidencia de que existen extraterrestres u otros seres sobrenaturales\u00bb.<\/p>\n<p>Asimismo, los cient\u00edficos creen que estos fen\u00f3menos inexplicables podr\u00edan generar ansiedad en las personas, lo que interfiere con una buena calidad del sue\u00f1o.<\/p>\n<p>Nuevos estudios con mayor precisi\u00f3n<\/p>\n<p>Sin embargo, los especialistas sostienen que deber\u00e1n hacerse estudios con mayor precisi\u00f3n y con muestras de la poblaci\u00f3n m\u00e1s representativas para poder implementar medidas m\u00e1s objetivas y combatir los trastornos del sue\u00f1o.<\/p>\n<p>\u00abEsta informaci\u00f3n podr\u00eda potencialmente equiparnos mejor para apoyar el sue\u00f1o a trav\u00e9s de la psicoeducaci\u00f3n. Es probable que los mecanismos subyacentes a estas asociaciones sean complejos y deban estudiarse m\u00e1s a fondo para comprender por qu\u00e9 las personas a veces informan de &#8216;cosas raras que pasan por la noche'\u00bb, concluyeron los autores.<\/p>\n<p>Con informaci\u00f3n de www.dw.com<\/p>\n","protected":false},"excerpt":{"rendered":"<p>Un grupo de investigadores brit\u00e1nicos ha encontrado un v\u00ednculo entre la creencia en fen\u00f3menos paranormales y algunos trastornos del sue\u00f1o, seg\u00fan se detalla en una nueva investigaci\u00f3n publicada por la revista Journal of Sleep Research. En concreto, y tras reclutar a casi 9 mil personas mayores de 18 a\u00f1os, los cient\u00edficos concluyeron que los participantes [&hellip;]<\/p>\n","protected":false},"author":19,"featured_media":236944,"comment_status":"closed","ping_status":"closed","sticky":false,"template":"","format":"standard","meta":{"footnotes":""},"categories":[19],"tags":[],"class_list":{"0":"post-236943","1":"post","2":"type-post","3":"status-publish","4":"format-standard","5":"has-post-thumbnail","7":"category-salud"},"_links":{"self":[{"href":"https:\/\/elluchador.info\/index.php?rest_route=\/wp\/v2\/posts\/236943","targetHints":{"allow":["GET"]}}],"collection":[{"href":"https:\/\/elluchador.info\/index.php?rest_route=\/wp\/v2\/posts"}],"about":[{"href":"https:\/\/elluchador.info\/index.php?rest_route=\/wp\/v2\/types\/post"}],"author":[{"embeddable":true,"href":"https:\/\/elluchador.info\/index.php?rest_route=\/wp\/v2\/users\/19"}],"replies":[{"embeddable":true,"href":"https:\/\/elluchador.info\/index.php?rest_route=%2Fwp%2Fv2%2Fcomments&post=236943"}],"version-history":[{"count":1,"href":"https:\/\/elluchador.info\/index.php?rest_route=\/wp\/v2\/posts\/236943\/revisions"}],"predecessor-version":[{"id":236945,"href":"https:\/\/elluchador.info\/index.php?rest_route=\/wp\/v2\/posts\/236943\/revisions\/236945"}],"wp:featuredmedia":[{"embeddable":true,"href":"https:\/\/elluchador.info\/index.php?rest_route=\/wp\/v2\/media\/236944"}],"wp:attachment":[{"href":"https:\/\/elluchador.info\/index.php?rest_route=%2Fwp%2Fv2%2Fmedia&parent=236943"}],"wp:term":[{"taxonomy":"category","embeddable":true,"href":"https:\/\/elluchador.info\/index.php?rest_route=%2Fwp%2Fv2%2Fcategories&post=236943"},{"taxonomy":"post_tag","embeddable":true,"href":"https:\/\/elluchador.info\/index.php?rest_route=%2Fwp%2Fv2%2Ftags&post=236943"}],"curies":[{"name":"wp","href":"https:\/\/api.w.org\/{rel}","templated":true}]}}