{"id":236957,"date":"2023-01-23T12:23:00","date_gmt":"2023-01-23T16:23:00","guid":{"rendered":"https:\/\/elluchador.info\/web\/?p=236957"},"modified":"2023-01-23T12:23:00","modified_gmt":"2023-01-23T16:23:00","slug":"pueblo-venezolano-se-moviliza-para-exigir-que-se-levanten-las-sanciones-criminales-contra-venezuela","status":"publish","type":"post","link":"https:\/\/elluchador.info\/?p=236957","title":{"rendered":"Pueblo venezolano se moviliza para exigir que se levanten las sanciones criminales contra Venezuela"},"content":{"rendered":"<p>El presidente de la Rep\u00fablica, Nicol\u00e1s Maduro, inform\u00f3 este lunes en sus redes sociales que el pueblo se movilizar\u00e1 en las calles para exigir el levantamiento de las medidas unilaterales coercitivas impulsadas por Estados Unidos contra Venezuela.<\/p>\n<p>\u201cHoy 23 de Enero el pueblo se moviliza en las calles para exigir que se levanten las sanciones criminales impuestas contra Venezuela. Basta de bloqueos, de persecuci\u00f3n econ\u00f3mica y financiera que ha provocado un impacto brutal en el pueblo. \u00a1Vamos Unidos!\u201d, manifest\u00f3 el jefe de Estado.<\/p>\n<p>Asimismo, destac\u00f3 en otro mensaje difundido, que en revoluci\u00f3n el pueblo mantiene vivo el esp\u00edritu rebelde del 23 de enero que sali\u00f3 a las calles para lograr la democracia, \u201cla voluntad soberana nunca m\u00e1s volver\u00e1 a ser traicionada\u201d.<\/p>\n<p>Las fuerzas revolucionarias, miembros de movimientos sociales y organizaciones populares marchar\u00e1n en Caracas, y en varios estados del pa\u00eds, para ratificar su apoyo a la Revoluci\u00f3n Bolivariana y a la democracia participativa y protag\u00f3nica, a 65 a\u00f1os de la ca\u00edda de la dictadura del general Marcos P\u00e9rez Jim\u00e9nez, el 23 de enero de 1958, fecha de insurrecci\u00f3n popular.<\/p>\n<p>Los manifestantes reafirmar\u00e1n su apoyo al presidente de la Rep\u00fablica, Nicol\u00e1s Maduro, y honrar\u00e1n el legado del Comandante Hugo Ch\u00e1vez, adem\u00e1s de remarcar el rechazo a acciones injerencistas contra el pa\u00eds.<\/p>\n<p>Con informaci\u00f3n de www.vtv.gob.ve<\/p>\n","protected":false},"excerpt":{"rendered":"<p>El presidente de la Rep\u00fablica, Nicol\u00e1s Maduro, inform\u00f3 este lunes en sus redes sociales que el pueblo se movilizar\u00e1 en las calles para exigir el levantamiento de las medidas unilaterales coercitivas impulsadas por Estados Unidos contra Venezuela. \u201cHoy 23 de Enero el pueblo se moviliza en las calles para exigir que se levanten las sanciones [&hellip;]<\/p>\n","protected":false},"author":19,"featured_media":236958,"comment_status":"closed","ping_status":"closed","sticky":false,"template":"","format":"standard","meta":{"footnotes":""},"categories":[9],"tags":[],"class_list":{"0":"post-236957","1":"post","2":"type-post","3":"status-publish","4":"format-standard","5":"has-post-thumbnail","7":"category-nacionales"},"_links":{"self":[{"href":"https:\/\/elluchador.info\/index.php?rest_route=\/wp\/v2\/posts\/236957","targetHints":{"allow":["GET"]}}],"collection":[{"href":"https:\/\/elluchador.info\/index.php?rest_route=\/wp\/v2\/posts"}],"about":[{"href":"https:\/\/elluchador.info\/index.php?rest_route=\/wp\/v2\/types\/post"}],"author":[{"embeddable":true,"href":"https:\/\/elluchador.info\/index.php?rest_route=\/wp\/v2\/users\/19"}],"replies":[{"embeddable":true,"href":"https:\/\/elluchador.info\/index.php?rest_route=%2Fwp%2Fv2%2Fcomments&post=236957"}],"version-history":[{"count":1,"href":"https:\/\/elluchador.info\/index.php?rest_route=\/wp\/v2\/posts\/236957\/revisions"}],"predecessor-version":[{"id":236959,"href":"https:\/\/elluchador.info\/index.php?rest_route=\/wp\/v2\/posts\/236957\/revisions\/236959"}],"wp:featuredmedia":[{"embeddable":true,"href":"https:\/\/elluchador.info\/index.php?rest_route=\/wp\/v2\/media\/236958"}],"wp:attachment":[{"href":"https:\/\/elluchador.info\/index.php?rest_route=%2Fwp%2Fv2%2Fmedia&parent=236957"}],"wp:term":[{"taxonomy":"category","embeddable":true,"href":"https:\/\/elluchador.info\/index.php?rest_route=%2Fwp%2Fv2%2Fcategories&post=236957"},{"taxonomy":"post_tag","embeddable":true,"href":"https:\/\/elluchador.info\/index.php?rest_route=%2Fwp%2Fv2%2Ftags&post=236957"}],"curies":[{"name":"wp","href":"https:\/\/api.w.org\/{rel}","templated":true}]}}