{"id":236973,"date":"2023-01-23T12:38:31","date_gmt":"2023-01-23T16:38:31","guid":{"rendered":"https:\/\/elluchador.info\/web\/?p=236973"},"modified":"2023-01-23T12:38:31","modified_gmt":"2023-01-23T16:38:31","slug":"jose-ramon-barreto-se-transforma-en-un-medallista-olimpico","status":"publish","type":"post","link":"https:\/\/elluchador.info\/?p=236973","title":{"rendered":"Jos\u00e9 Ram\u00f3n Barreto se transforma en un medallista ol\u00edmpico"},"content":{"rendered":"<p>Jos\u00e9 Ram\u00f3n Barreto no baja la velocidad en su carrera. El venezolano, que ha destacado recientemente con series como \u00abArelys Henao: canto para no llorar\u00bb, tiene un nuevo proyecto dram\u00e1tico y lo comparti\u00f3 en sus redes sociales.<\/p>\n<p>\u00abOtra m\u00e1s para la cuenta\u00bb, es la frase que destaca en sus historias de Instagram junto al arte de la producci\u00f3n colombiana \u00abLos medallistas, h\u00e9roes con coraz\u00f3n de oro\u00bb, en la que interpreta a uno de los protagonistas.<\/p>\n<p>De acuerdo a Caracol TV, que desarrolla el proyecto, la serie narra la historia de vida y carreras deportivas de los atletas ol\u00edmpicos Yuri Alvear, Ingrit Valencia y \u00d3scar Mu\u00f1oz, todos provenientes de familias de escasos recursos.<\/p>\n<p>Un rol de bronce<\/p>\n<p>El int\u00e9rprete venezolano ser\u00e1 el encargado de dar vida al taekwondista \u00d3scar Mu\u00f1oz, quien particip\u00f3 en dos Juegos Ol\u00edmpicos, ganando una medalla de bronce en Londres 2012.<\/p>\n<p>Parte dell proceso de Jos\u00e9 Ram\u00f3n Barreto para el rol requiri\u00f3 que bajara de peso. \u00ab\u00bbLa preparaci\u00f3n fue realmente f\u00edsica; baj\u00e9 algunos kilos para poder interpretar a un campe\u00f3n ol\u00edmpico de 58 kilos, que es la categor\u00eda en la que \u00e9l compet\u00eda\u00bb, dijo el caraque\u00f1o a Caracol TV.<\/p>\n<p>Barreto tambi\u00e9n se\u00f1al\u00f3 que tuvo que aprender m\u00e1s sobre la disciplina que dio fama al atleta. \u00abConocer m\u00e1s sobre el taekwondo, no solo f\u00edsicamente sino psicol\u00f3gicamente; es un deporte que aplica mucho un conocimiento y unos valores muy lindos\u00bb, destac\u00f3 al citado medio.<\/p>\n<p>Por estrenar<\/p>\n<p>El tr\u00edo protag\u00f3nico de esta serie, que a\u00fan no tiene fecha de estreno en Colombia, lo completan las actrices Mayra Luna, que interpreta a la judoca Yuri Alvear; y Paola Valencia, que encarna a la boxeadora Ingrit Valencia.<\/p>\n<p>Se espera que esta producci\u00f3n tambi\u00e9n llegue a Netflix pr\u00f3ximamente, tal como ha sucedido con contenidos recientes de Caracol, pero todav\u00eda no hay nada oficial sobre eso.<\/p>\n<p>Cabe recordar, que Jos\u00e9 Ram\u00f3n Barreto gan\u00f3 mucha popularidad en el competitivo mercado televisivo colombiano gracias a la serie \u00abBol\u00edvar, una gesta admirable\u00bb, donde encarn\u00f3 a al Libertador en su adolescencia y juventud.<\/p>\n<p>A este \u00e9xito sigui\u00f3 con la citada \u00abArelys Henao: canto para no llorar\u00bb, dram\u00e1tico que cuenta la vida de la llamada Reina del canto popular colombiano. All\u00ed interpret\u00f3 a Wilfredo Hurtado Barreto. \u00abMi personaje era ese apoyo, ese bast\u00f3n que se convirti\u00f3 primero en su amigo, luego en su novio y despu\u00e9s en el amor de su vida\u00bb, dijo en su momento el artista a Caracol TV. Este proyecto fue anunciado por Televen en su preventa 2023.<\/p>\n<p>Hay m\u00e1s<\/p>\n<p>Vale acotar que adem\u00e1s de \u00abLos medallistas, h\u00e9roes con coraz\u00f3n de oro\u00bb, el criollo tambi\u00e9n estrenar\u00e1 este a\u00f1o \u00abLas Ventino\u00bb, una telenovela musical de la que a\u00fan no se conocen muchos detalles.<\/p>\n<p>A pesar de todo esto, el actor no se olvida de Venezuela y recientemente respote\u00f3 en sus historias un comentario de su compatriota Gabriel Coronel, en que este revela planes conjuntos para trabajar en el pa\u00eds.<\/p>\n<p>Interrogado en sus historias sobre si ten\u00eda alg\u00fan proyecto en el pa\u00eds, se\u00f1al\u00f3: \u00abJunto con @joseramontv estamos cuadrando para ir a hacer cine\u00bb, se\u00f1al\u00f3 sin revelar el c\u00f3mo y el cu\u00e1ndo de eso.<\/p>\n<p>Con informaci\u00f3n de ultimasnoticias.com.ve<\/p>\n","protected":false},"excerpt":{"rendered":"<p>Jos\u00e9 Ram\u00f3n Barreto no baja la velocidad en su carrera. El venezolano, que ha destacado recientemente con series como \u00abArelys Henao: canto para no llorar\u00bb, tiene un nuevo proyecto dram\u00e1tico y lo comparti\u00f3 en sus redes sociales. \u00abOtra m\u00e1s para la cuenta\u00bb, es la frase que destaca en sus historias de Instagram junto al arte [&hellip;]<\/p>\n","protected":false},"author":19,"featured_media":236974,"comment_status":"closed","ping_status":"closed","sticky":false,"template":"","format":"standard","meta":{"footnotes":""},"categories":[7],"tags":[],"class_list":{"0":"post-236973","1":"post","2":"type-post","3":"status-publish","4":"format-standard","5":"has-post-thumbnail","7":"category-entretenimiento"},"_links":{"self":[{"href":"https:\/\/elluchador.info\/index.php?rest_route=\/wp\/v2\/posts\/236973","targetHints":{"allow":["GET"]}}],"collection":[{"href":"https:\/\/elluchador.info\/index.php?rest_route=\/wp\/v2\/posts"}],"about":[{"href":"https:\/\/elluchador.info\/index.php?rest_route=\/wp\/v2\/types\/post"}],"author":[{"embeddable":true,"href":"https:\/\/elluchador.info\/index.php?rest_route=\/wp\/v2\/users\/19"}],"replies":[{"embeddable":true,"href":"https:\/\/elluchador.info\/index.php?rest_route=%2Fwp%2Fv2%2Fcomments&post=236973"}],"version-history":[{"count":1,"href":"https:\/\/elluchador.info\/index.php?rest_route=\/wp\/v2\/posts\/236973\/revisions"}],"predecessor-version":[{"id":236975,"href":"https:\/\/elluchador.info\/index.php?rest_route=\/wp\/v2\/posts\/236973\/revisions\/236975"}],"wp:featuredmedia":[{"embeddable":true,"href":"https:\/\/elluchador.info\/index.php?rest_route=\/wp\/v2\/media\/236974"}],"wp:attachment":[{"href":"https:\/\/elluchador.info\/index.php?rest_route=%2Fwp%2Fv2%2Fmedia&parent=236973"}],"wp:term":[{"taxonomy":"category","embeddable":true,"href":"https:\/\/elluchador.info\/index.php?rest_route=%2Fwp%2Fv2%2Fcategories&post=236973"},{"taxonomy":"post_tag","embeddable":true,"href":"https:\/\/elluchador.info\/index.php?rest_route=%2Fwp%2Fv2%2Ftags&post=236973"}],"curies":[{"name":"wp","href":"https:\/\/api.w.org\/{rel}","templated":true}]}}