{"id":236994,"date":"2023-01-23T14:13:07","date_gmt":"2023-01-23T18:13:07","guid":{"rendered":"https:\/\/elluchador.info\/web\/?p=236994"},"modified":"2023-01-23T14:13:07","modified_gmt":"2023-01-23T18:13:07","slug":"es-el-comienzo-de-una-nueva-historia-fernandez-y-lula-estrechan-su-alianza-estrategica","status":"publish","type":"post","link":"https:\/\/elluchador.info\/?p=236994","title":{"rendered":"\u00abEs el comienzo de una nueva historia\u00bb: Fern\u00e1ndez y Lula estrechan su alianza estrat\u00e9gica"},"content":{"rendered":"<p>El presidente de Argentino, Alberto Fern\u00e1ndez, y su hom\u00f3logo brasile\u00f1o, Luiz In\u00e1cio Lula da Silva, se reunieron este lunes en Buenos Aires y destacaron que ambos pa\u00edses tienen como objetivo trabajar en la \u00abintegraci\u00f3n de Am\u00e9rica Latina\u00bb.<\/p>\n<p>\u00abTuvimos una conversaci\u00f3n sensacional con el presidente Lula (&#8230;) estamos dando origen a un v\u00ednculo profundo que durar\u00e1 d\u00e9cadas\u00bb, declar\u00f3 Fern\u00e1ndez.<\/p>\n<p>Fern\u00e1ndez dijo que los desaf\u00edos de Brasil y Argentina \u00abson muy parecidos: consolidar la democracia y las instituciones\u00bb.<\/p>\n<p>\u00abHemos hablado primero de la integraci\u00f3n de nuestros pa\u00edses y fortalecer y hacer m\u00e1s eficiente y potenciar el Mercosur [Mercado Com\u00fan del Sur] y volver a poner en marcha Unasur [Uni\u00f3n de Naciones Suramericanas]\u00bb, asever\u00f3.<\/p>\n<p>Fern\u00e1ndez tambi\u00e9n asegur\u00f3 que Argentina siempre estar\u00e1 al lado de Brasil y no le abandonar\u00e1 ante \u00abning\u00fan delirante ataque contra la instituciones brasile\u00f1as\u00bb, en referencia a los asaltos a las sedes de los tres poderes en Brasilia el pasado 8 de enero por parte de los bolsonaristas radicales.<\/p>\n<p><strong>\u00abBuenos acuerdos con Argentina\u00bb<\/strong><\/p>\n<p>Lula, por su parte, dijo que \u00abnunca olvidar\u00e1 el gesto\u00bb de Fern\u00e1ndez. En julio de 2019, el mandatario argentino visit\u00f3 al l\u00edder del PT en la c\u00e1rcel de Curitiba en la que estaba preso, tras ser condenado por corrupci\u00f3n en el marco de la megaoperaci\u00f3n Lava Jato y liberado despu\u00e9s por una cuesti\u00f3n procesal.<\/p>\n<p>Tambi\u00e9n fue el primer l\u00edder extranjero con el que se reuni\u00f3 en Sao Paulo, tan solo un d\u00eda despu\u00e9s de ganar las elecciones en segunda vuelta, el 31 de octubre.<\/p>\n<p><strong>Rt Noticias<\/strong><\/p>\n","protected":false},"excerpt":{"rendered":"<p>El presidente de Argentino, Alberto Fern\u00e1ndez, y su hom\u00f3logo brasile\u00f1o, Luiz In\u00e1cio Lula da Silva, se reunieron este lunes en Buenos Aires y destacaron que ambos pa\u00edses tienen como objetivo trabajar en la \u00abintegraci\u00f3n de Am\u00e9rica Latina\u00bb. \u00abTuvimos una conversaci\u00f3n sensacional con el presidente Lula (&#8230;) estamos dando origen a un v\u00ednculo profundo que durar\u00e1 [&hellip;]<\/p>\n","protected":false},"author":33,"featured_media":236995,"comment_status":"closed","ping_status":"closed","sticky":false,"template":"","format":"standard","meta":{"footnotes":""},"categories":[8],"tags":[],"class_list":{"0":"post-236994","1":"post","2":"type-post","3":"status-publish","4":"format-standard","5":"has-post-thumbnail","7":"category-internacionales"},"_links":{"self":[{"href":"https:\/\/elluchador.info\/index.php?rest_route=\/wp\/v2\/posts\/236994","targetHints":{"allow":["GET"]}}],"collection":[{"href":"https:\/\/elluchador.info\/index.php?rest_route=\/wp\/v2\/posts"}],"about":[{"href":"https:\/\/elluchador.info\/index.php?rest_route=\/wp\/v2\/types\/post"}],"author":[{"embeddable":true,"href":"https:\/\/elluchador.info\/index.php?rest_route=\/wp\/v2\/users\/33"}],"replies":[{"embeddable":true,"href":"https:\/\/elluchador.info\/index.php?rest_route=%2Fwp%2Fv2%2Fcomments&post=236994"}],"version-history":[{"count":1,"href":"https:\/\/elluchador.info\/index.php?rest_route=\/wp\/v2\/posts\/236994\/revisions"}],"predecessor-version":[{"id":236996,"href":"https:\/\/elluchador.info\/index.php?rest_route=\/wp\/v2\/posts\/236994\/revisions\/236996"}],"wp:featuredmedia":[{"embeddable":true,"href":"https:\/\/elluchador.info\/index.php?rest_route=\/wp\/v2\/media\/236995"}],"wp:attachment":[{"href":"https:\/\/elluchador.info\/index.php?rest_route=%2Fwp%2Fv2%2Fmedia&parent=236994"}],"wp:term":[{"taxonomy":"category","embeddable":true,"href":"https:\/\/elluchador.info\/index.php?rest_route=%2Fwp%2Fv2%2Fcategories&post=236994"},{"taxonomy":"post_tag","embeddable":true,"href":"https:\/\/elluchador.info\/index.php?rest_route=%2Fwp%2Fv2%2Ftags&post=236994"}],"curies":[{"name":"wp","href":"https:\/\/api.w.org\/{rel}","templated":true}]}}