{"id":237008,"date":"2023-01-23T17:30:42","date_gmt":"2023-01-23T21:30:42","guid":{"rendered":"https:\/\/elluchador.info\/web\/?p=237008"},"modified":"2023-01-23T17:30:42","modified_gmt":"2023-01-23T21:30:42","slug":"conviasa-preve-aumentar-un-30-sus-destinos-internacionales","status":"publish","type":"post","link":"https:\/\/elluchador.info\/?p=237008","title":{"rendered":"Conviasa prev\u00e9 aumentar un 30% sus destinos internacionales"},"content":{"rendered":"<p>La aerol\u00ednea estatal, Conviasa inform\u00f3 este domingo que prev\u00e9 aumentar en un 30% su oferta internacional este a\u00f1o con la recuperaci\u00f3n de rutas en Latinoam\u00e9rica y la incorporaci\u00f3n de conexiones entre ciudades, entre ellas La Habana, Damasco, Teher\u00e1n y Mosc\u00fa.<\/p>\n<div>El ministro de Transporte, Ram\u00f3n Vel\u00e1squez, se\u00f1al\u00f3 que la empresa\u00a0\u00abseguir\u00e1 expandiendo este a\u00f1o sus operaciones nacionales e internacionales, como parte del plan estrat\u00e9gico para el desarrollo de la naci\u00f3n\u00bb, dice una nota de prensa.<\/div>\n<div><\/div>\n<div>En una fecha que no fue anunciada, Conviasa comenzar\u00e1 a ofrecer sus conexiones, con salida desde Caracas, entre las ciudades de La Habana y Mosc\u00fa, La Habana y San Vicente, Damasco y Teher\u00e1n y entre la venezolana Puerto Ordaz y la brasile\u00f1a Manaos, est\u00e1 \u00faltima con ocasi\u00f3n del carnaval que se celebrar\u00e1 en Brasil en febrero.<\/div>\n<div><\/div>\n<div>Asimismo, Conviasa tiene previsto comenzar a ofrecer vuelos directos desde Caracas hacia Sao Paulo y Surinam, mientras que trabaja tambi\u00e9n en retomar la conexi\u00f3n entre Punto Fijo (noroeste) y Aruba.<\/div>\n<div><\/div>\n<div>El ministro a\u00f1adi\u00f3 que prev\u00e9n retomar las rutas a Chile, Argentina, Ecuador y Per\u00fa, \u00ablas mejores\u00bb que ten\u00eda la compa\u00f1\u00eda hasta que se fueron perdieron en los \u00faltimos a\u00f1os debido a la crisis econ\u00f3mica y a las sanciones internacionales contra Venezuela, incluyendo una que pesa directamente sobre Conviasa.<\/div>\n","protected":false},"excerpt":{"rendered":"<p>La aerol\u00ednea estatal, Conviasa inform\u00f3 este domingo que prev\u00e9 aumentar en un 30% su oferta internacional este a\u00f1o con la recuperaci\u00f3n de rutas en Latinoam\u00e9rica y la incorporaci\u00f3n de conexiones entre ciudades, entre ellas La Habana, Damasco, Teher\u00e1n y Mosc\u00fa. El ministro de Transporte, Ram\u00f3n Vel\u00e1squez, se\u00f1al\u00f3 que la empresa\u00a0\u00abseguir\u00e1 expandiendo este a\u00f1o sus operaciones [&hellip;]<\/p>\n","protected":false},"author":19,"featured_media":237009,"comment_status":"closed","ping_status":"closed","sticky":false,"template":"","format":"standard","meta":{"footnotes":""},"categories":[9],"tags":[],"class_list":{"0":"post-237008","1":"post","2":"type-post","3":"status-publish","4":"format-standard","5":"has-post-thumbnail","7":"category-nacionales"},"_links":{"self":[{"href":"https:\/\/elluchador.info\/index.php?rest_route=\/wp\/v2\/posts\/237008","targetHints":{"allow":["GET"]}}],"collection":[{"href":"https:\/\/elluchador.info\/index.php?rest_route=\/wp\/v2\/posts"}],"about":[{"href":"https:\/\/elluchador.info\/index.php?rest_route=\/wp\/v2\/types\/post"}],"author":[{"embeddable":true,"href":"https:\/\/elluchador.info\/index.php?rest_route=\/wp\/v2\/users\/19"}],"replies":[{"embeddable":true,"href":"https:\/\/elluchador.info\/index.php?rest_route=%2Fwp%2Fv2%2Fcomments&post=237008"}],"version-history":[{"count":1,"href":"https:\/\/elluchador.info\/index.php?rest_route=\/wp\/v2\/posts\/237008\/revisions"}],"predecessor-version":[{"id":237010,"href":"https:\/\/elluchador.info\/index.php?rest_route=\/wp\/v2\/posts\/237008\/revisions\/237010"}],"wp:featuredmedia":[{"embeddable":true,"href":"https:\/\/elluchador.info\/index.php?rest_route=\/wp\/v2\/media\/237009"}],"wp:attachment":[{"href":"https:\/\/elluchador.info\/index.php?rest_route=%2Fwp%2Fv2%2Fmedia&parent=237008"}],"wp:term":[{"taxonomy":"category","embeddable":true,"href":"https:\/\/elluchador.info\/index.php?rest_route=%2Fwp%2Fv2%2Fcategories&post=237008"},{"taxonomy":"post_tag","embeddable":true,"href":"https:\/\/elluchador.info\/index.php?rest_route=%2Fwp%2Fv2%2Ftags&post=237008"}],"curies":[{"name":"wp","href":"https:\/\/api.w.org\/{rel}","templated":true}]}}