{"id":237037,"date":"2023-01-23T18:28:42","date_gmt":"2023-01-23T22:28:42","guid":{"rendered":"https:\/\/elluchador.info\/web\/?p=237037"},"modified":"2023-01-23T18:28:42","modified_gmt":"2023-01-23T22:28:42","slug":"trabajadores-del-sector-publico-marcharon-este-23-de-enero-en-ciudad-bolivar","status":"publish","type":"post","link":"https:\/\/elluchador.info\/?p=237037","title":{"rendered":"Trabajadores del sector p\u00fablico marcharon este 23 de enero en Ciudad Bol\u00edvar"},"content":{"rendered":"<p>Trabajadores del sector p\u00fablico a nivel nacional realizaron una marcha en conmemoraci\u00f3n del 23 de enero, donde los diferentes gremios que hacen vida en Ciudad Bol\u00edvar se unieron a esta protesta pac\u00edfica, recordando que el 23 de enero es una fecha hist\u00f3rica donde se dio un paso a la democracia, y fue propicia para seguirle exigiendo al Ejecutivo Nacional un salario digno, respeto al derecho de protestar, entre otras peticiones.<\/p>\n<p>Con pitos, pancartas, panfletos, y banderas de Venezuela, adem\u00e1s de la canci\u00f3n el tema Venezuela, salieron a la calle. Activos y jubilados de los gremios de las empresas b\u00e1sicas de Guayana y salud se juntaron con el gremio de educadores, para manifestar. Asimismo, estuvieron acompa\u00f1ados por la sociedad civil, dirigentes pol\u00edticos y defensores de DD.HH.<\/p>\n<p>Camilo Torres, vicepresidente del Colegio de Enfermer\u00eda del estado Bol\u00edvar, declar\u00f3 \u00abNosotros desde Ciudad Bol\u00edvar, los trabajadores estamos unidos, exigiendo un salario digno, porque nuestro salario es insuficiente, el m\u00e1s bajo del mundo. Por eso marchamos desde la antigua redoma, pasamos por el Hospital, el Seguro Social y llegamos a la Casa de San Isidro para rendirle honores a nuestro libertador Sim\u00f3n Bol\u00edvar\u201d.<\/p>\n<p>Jovito Antoima, jubilado de la Corporaci\u00f3n Venezolana de Guayana de Ciudad Bol\u00edvar, indic\u00f3 \u00abHoy estamos marchando porque el poder adquisitivo de los jubilados y los trabajadores se ha visto mermado en casi un cien por ciento, la pensi\u00f3n no alcanza para vivir bien. Tambi\u00e9n hemos ido perdiendo una serie de beneficios, como el HCM y los aumentos colectivos que se daban en la corporaci\u00f3n. Respecto a las declaraciones que se deben dar, hay algunos trabajadores de las empresas b\u00e1sicas que se limitan a no hacerlo, porque hay un amedrentamiento, por parte del Gobierno y muchos gerentes se prestan para esto\u201d.<\/p>\n<p>Por su parte, Carlos Pinto trabajador de CVG Venalum, expres\u00f3 \u201cHoy 23 de enero estamos en una marcha, por una reivindicaci\u00f3n laboral, por nuestro futuro y el de nuestros hijos, porque hoy tenemos un salario de hambre, decidimos seguir unidos los educadores, el sector salud, para exigirle al presidente de la Rep\u00fablica, que no nos d\u00e9 bonos, sino un salario digno de acuerdo a la canasta b\u00e1sica y que cubra otras necesidades, equivalen a un aproximado de mil d\u00f3lares anclado al BCV. Le reiteramos el llamado a todo el pueblo de Venezuela, porque esta lucha es de todos, no somos partidos pol\u00edticos, somos trabajadores que seguiremos en la calle hasta que el presidente Maduro nos d\u00e9 un salario digno\u201d.<\/p>\n<p><strong>La concentraci\u00f3n de los educadores<\/strong><\/p>\n<p>El gremio de educadores se concentr\u00f3 desde tempranas horas en las instalaciones de la Zona Educativa, para hacer primeramente una asamblea con todo el gremio de docentes, quienes luego salieron al recorrido, para unirse en una sola fuerza de protesta laboral, con la marcha pautada por todos los gremios de trabajadores.<\/p>\n<p>\u201cHoy 23 de enero, un d\u00eda hist\u00f3rico para nuestro pa\u00eds, porque los venezolanos unidos salimos de la dictadura en el 1958, hoy estamos una vez m\u00e1s en la calle, en vista de que el Gobierno todav\u00eda no ha presentado ninguna propuesta para resolver lo que es vital para nosotros, la firma de la tercera convenci\u00f3n colectiva, en donde debe plasmarse los beneficios que estamos esperando,\u00a0 beneficios, sociales, acad\u00e9micos y econ\u00f3micos\u201d manifest\u00f3\u00a0 el presidente de SumaHeres, Eradio Armario, y representante del magisterio Guayan\u00e9s.<\/p>\n<p><strong>Lucha colectiva<\/strong><\/p>\n<p>La docente Josefina Guerra, secretaria de organizaci\u00f3n del Simprodo del Colegio de Profesores de Venezuela, seccional Bol\u00edvar, indic\u00f3 \u201cHoy salimos a la convocatoria que ten\u00edamos prevista, una vez m\u00e1s para reclamar nuestras reivindicaciones salariales, las deudas que el Ministerio de Educaci\u00f3n tiene con los educadores, y que de una vez por todas el Gobierno nacional se siente a discernir cu\u00e1l es el salario que deben ganar los trabajadores, en virtud de la crisis que tenemos, es lamentable pero las neveras est\u00e1n vac\u00edas, el\u00a0 docente no tiene como mantenerse, ni a su carga familiar\u201d.<\/p>\n<p>Igualmente, la presidenta de la Federaci\u00f3n Venezolana de Maestros del estado Bol\u00edvar, profesora Lina Maradei, acot\u00f3 \u201cCon much\u00edsima tristeza volvemos los maestros los formadores de futuro a salir a las calles, para exigirle al Gobierno que cumpla con la Constituci\u00f3n, es incomprensible que tengamos que llamar a una concentraci\u00f3n de esta naturaleza, para exigir al Gobierno nuestros beneficios, tampoco vamos aceptar bajo ninguna circunstancia atropellos al gremio, si es necesario abandonar definitivamente las aulas hasta lograr que el Gobierno voltee su mirada hacia nosotros, lo vamos a decidir a nivel nacional,\u00a0 una vez que contin\u00fae el Gobierno con esta posici\u00f3n, continuaremos en la protesta.<\/p>\n<p>Yanitza Mart\u00ednez<\/p>\n","protected":false},"excerpt":{"rendered":"<p>Trabajadores del sector p\u00fablico a nivel nacional realizaron una marcha en conmemoraci\u00f3n del 23 de enero, donde los diferentes gremios que hacen vida en Ciudad Bol\u00edvar se unieron a esta protesta pac\u00edfica, recordando que el 23 de enero es una fecha hist\u00f3rica donde se dio un paso a la democracia, y fue propicia para seguirle [&hellip;]<\/p>\n","protected":false},"author":19,"featured_media":237038,"comment_status":"closed","ping_status":"closed","sticky":false,"template":"","format":"standard","meta":{"footnotes":""},"categories":[12],"tags":[],"class_list":{"0":"post-237037","1":"post","2":"type-post","3":"status-publish","4":"format-standard","5":"has-post-thumbnail","7":"category-regionales"},"_links":{"self":[{"href":"https:\/\/elluchador.info\/index.php?rest_route=\/wp\/v2\/posts\/237037","targetHints":{"allow":["GET"]}}],"collection":[{"href":"https:\/\/elluchador.info\/index.php?rest_route=\/wp\/v2\/posts"}],"about":[{"href":"https:\/\/elluchador.info\/index.php?rest_route=\/wp\/v2\/types\/post"}],"author":[{"embeddable":true,"href":"https:\/\/elluchador.info\/index.php?rest_route=\/wp\/v2\/users\/19"}],"replies":[{"embeddable":true,"href":"https:\/\/elluchador.info\/index.php?rest_route=%2Fwp%2Fv2%2Fcomments&post=237037"}],"version-history":[{"count":1,"href":"https:\/\/elluchador.info\/index.php?rest_route=\/wp\/v2\/posts\/237037\/revisions"}],"predecessor-version":[{"id":237039,"href":"https:\/\/elluchador.info\/index.php?rest_route=\/wp\/v2\/posts\/237037\/revisions\/237039"}],"wp:featuredmedia":[{"embeddable":true,"href":"https:\/\/elluchador.info\/index.php?rest_route=\/wp\/v2\/media\/237038"}],"wp:attachment":[{"href":"https:\/\/elluchador.info\/index.php?rest_route=%2Fwp%2Fv2%2Fmedia&parent=237037"}],"wp:term":[{"taxonomy":"category","embeddable":true,"href":"https:\/\/elluchador.info\/index.php?rest_route=%2Fwp%2Fv2%2Fcategories&post=237037"},{"taxonomy":"post_tag","embeddable":true,"href":"https:\/\/elluchador.info\/index.php?rest_route=%2Fwp%2Fv2%2Ftags&post=237037"}],"curies":[{"name":"wp","href":"https:\/\/api.w.org\/{rel}","templated":true}]}}