{"id":237040,"date":"2023-01-23T18:31:39","date_gmt":"2023-01-23T22:31:39","guid":{"rendered":"https:\/\/elluchador.info\/web\/?p=237040"},"modified":"2023-01-23T18:31:39","modified_gmt":"2023-01-23T22:31:39","slug":"invitan-a-participar-en-el-1er-challenge-vida-saludable","status":"publish","type":"post","link":"https:\/\/elluchador.info\/?p=237040","title":{"rendered":"Invitan a participar en el\u00a0 1er Challenge vida saludable"},"content":{"rendered":"<p>Con el prop\u00f3sito de fomentar cambios positivos en la comunidad, a trav\u00e9s de una vida sana y equilibrada, llega a Ciudad Bol\u00edvar el 1er Challenge vida saludable a partir de este 29 de enero.<\/p>\n<p>\u201cEl objetivo es poder ayudar a las personas a generar cambios en sus h\u00e1bitos alimenticios, a trav\u00e9s de actividades f\u00edsicas y ense\u00f1\u00e1ndoles a comer sano sin que esto parezca aburrido\u201d, explic\u00f3 Nellymar Silva, creadora del Movimiento Vida Saludable.<\/p>\n<p>Los participantes tendr\u00e1n a su disposici\u00f3n herramientas que le ayudar\u00e1n a transformar sus vidas, de la mano de un equipo de profesionales en diferentes \u00e1reas.<\/p>\n<p>Nellymar Silva, quien adem\u00e1s es entrenadora de pilates, agreg\u00f3 que, \u201ccon este primer challenge seguimos apostando a ser voceros de una vida sana y en equilibrio, trabajando con alimentaci\u00f3n consciente, emociones, cocina en vivo, postres y mucho m\u00e1s. Ser\u00e1 una experiencia que cambiar\u00e1 sus vidas\u201d.<\/p>\n<p>Para el \u00e9xito de este evento, se suman Liseth Rodr\u00edguez, Ceo de Nutrici\u00f3n para el Alma el m\u00e9todo de Alimentaci\u00f3n Consciente, quien ser\u00e1 la encargada del diagn\u00f3stico, asesor\u00edas y seguimiento nutricional; los men\u00fas de este challenge estar\u00e1n a cargo de Anaika G\u00f3mez, de Fit place, y el entrenamiento f\u00edsico ser\u00e1 conducido por Nellymar Silva con el pilates.<\/p>\n<p>\u201cPara participar las personas solo tienen que tener disposici\u00f3n para hacer sus cambios y lograr resultados reales en sus vidas. Para detalles sobre c\u00f3mo unirse a este gran encuentro pueden comunicarse a trav\u00e9s de nuestra cuenta en Instagram @vidasaludable_cbo\u201d, concluy\u00f3 Silva.<\/p>\n<p>Gledis Bonilla<\/p>\n","protected":false},"excerpt":{"rendered":"<p>Con el prop\u00f3sito de fomentar cambios positivos en la comunidad, a trav\u00e9s de una vida sana y equilibrada, llega a Ciudad Bol\u00edvar el 1er Challenge vida saludable a partir de este 29 de enero. \u201cEl objetivo es poder ayudar a las personas a generar cambios en sus h\u00e1bitos alimenticios, a trav\u00e9s de actividades f\u00edsicas y [&hellip;]<\/p>\n","protected":false},"author":19,"featured_media":237041,"comment_status":"closed","ping_status":"closed","sticky":false,"template":"","format":"standard","meta":{"footnotes":""},"categories":[2],"tags":[],"class_list":{"0":"post-237040","1":"post","2":"type-post","3":"status-publish","4":"format-standard","5":"has-post-thumbnail","7":"category-comunidad"},"_links":{"self":[{"href":"https:\/\/elluchador.info\/index.php?rest_route=\/wp\/v2\/posts\/237040","targetHints":{"allow":["GET"]}}],"collection":[{"href":"https:\/\/elluchador.info\/index.php?rest_route=\/wp\/v2\/posts"}],"about":[{"href":"https:\/\/elluchador.info\/index.php?rest_route=\/wp\/v2\/types\/post"}],"author":[{"embeddable":true,"href":"https:\/\/elluchador.info\/index.php?rest_route=\/wp\/v2\/users\/19"}],"replies":[{"embeddable":true,"href":"https:\/\/elluchador.info\/index.php?rest_route=%2Fwp%2Fv2%2Fcomments&post=237040"}],"version-history":[{"count":1,"href":"https:\/\/elluchador.info\/index.php?rest_route=\/wp\/v2\/posts\/237040\/revisions"}],"predecessor-version":[{"id":237042,"href":"https:\/\/elluchador.info\/index.php?rest_route=\/wp\/v2\/posts\/237040\/revisions\/237042"}],"wp:featuredmedia":[{"embeddable":true,"href":"https:\/\/elluchador.info\/index.php?rest_route=\/wp\/v2\/media\/237041"}],"wp:attachment":[{"href":"https:\/\/elluchador.info\/index.php?rest_route=%2Fwp%2Fv2%2Fmedia&parent=237040"}],"wp:term":[{"taxonomy":"category","embeddable":true,"href":"https:\/\/elluchador.info\/index.php?rest_route=%2Fwp%2Fv2%2Fcategories&post=237040"},{"taxonomy":"post_tag","embeddable":true,"href":"https:\/\/elluchador.info\/index.php?rest_route=%2Fwp%2Fv2%2Ftags&post=237040"}],"curies":[{"name":"wp","href":"https:\/\/api.w.org\/{rel}","templated":true}]}}