{"id":237049,"date":"2023-01-23T18:37:27","date_gmt":"2023-01-23T22:37:27","guid":{"rendered":"https:\/\/elluchador.info\/web\/?p=237049"},"modified":"2023-01-23T18:37:27","modified_gmt":"2023-01-23T22:37:27","slug":"quienes-son-los-venezolanos-nominados-al-premio-lo-nuestro","status":"publish","type":"post","link":"https:\/\/elluchador.info\/?p=237049","title":{"rendered":"\u00bfQui\u00e9nes son los venezolanos nominados al Premio Lo Nuestro?"},"content":{"rendered":"<p>Este a\u00f1o los venezolanos Lasso, Elena Rose, Corina Smith, Mario Puglia, Ricardo Montaner, el d\u00fao SanLuis y Mau y Ricky destacan en la lista de nominados a los premios Lo Nuestro, que lideran Sebasti\u00e1n Yatra, Camilo, Bad Bunny y Becky G, y que se celebrar\u00e1n el 23 de febrero en Miami en una gala que transmitir\u00e1 en directo la cadena Univision.<\/p>\n<p>Lasso y Mario Puglia est\u00e1n nominados en la categor\u00eda Artista Revelaci\u00f3n Masculino, en la que compiten con artista\u00a0 Bizarrap, Quevedo y Mora; mientras que Corina Smith hace lo propio en el apartado Artista Revelaci\u00f3n Feminina, en el que se enfrenta a Tokischa, Villano Antillano, Elsa y Elmar, entre otras.<\/p>\n<p>Por su parte, Elena Rose tiene dos nominaciones: Artista Femenina Del A\u00f1o \u2013 Urbano y Remix Del A\u00f1o, por \u00abLa ducha\u00bb ft Maria Becerra, Greeicy, Becky G &amp; Tini.<\/p>\n<p>El d\u00fao Mau y Ricky tambi\u00e9n cuenta con dos postulaciones en los premios Lo Nuestro. Los hermanos Montaner figuran en la categor\u00eda a Grupo o D\u00fao Del A\u00f1o \u2013 Pop y La Mezcla Perfecta Del A\u00f1o, por \u00abLlorar y llorar\u00ab. Asimismo, Ricardo Montaner est\u00e1 nominado en el apartado Canci\u00f3n Del A\u00f1o \u2013 Pop\/Balada por \u00abEl d\u00eda que me quieras\u00bb.<\/p>\n<p>Finalmente, en la categor\u00eda Colaboraci\u00f3n del a\u00f1o \u2013 Tropical figura el d\u00fao SanLuis por \u00abSi yo estoy loco\u00bb ft Fonseca.<\/p>\n<p>Universal<\/p>\n","protected":false},"excerpt":{"rendered":"<p>Este a\u00f1o los venezolanos Lasso, Elena Rose, Corina Smith, Mario Puglia, Ricardo Montaner, el d\u00fao SanLuis y Mau y Ricky destacan en la lista de nominados a los premios Lo Nuestro, que lideran Sebasti\u00e1n Yatra, Camilo, Bad Bunny y Becky G, y que se celebrar\u00e1n el 23 de febrero en Miami en una gala que [&hellip;]<\/p>\n","protected":false},"author":19,"featured_media":237050,"comment_status":"closed","ping_status":"closed","sticky":false,"template":"","format":"standard","meta":{"footnotes":""},"categories":[7],"tags":[],"class_list":{"0":"post-237049","1":"post","2":"type-post","3":"status-publish","4":"format-standard","5":"has-post-thumbnail","7":"category-entretenimiento"},"_links":{"self":[{"href":"https:\/\/elluchador.info\/index.php?rest_route=\/wp\/v2\/posts\/237049","targetHints":{"allow":["GET"]}}],"collection":[{"href":"https:\/\/elluchador.info\/index.php?rest_route=\/wp\/v2\/posts"}],"about":[{"href":"https:\/\/elluchador.info\/index.php?rest_route=\/wp\/v2\/types\/post"}],"author":[{"embeddable":true,"href":"https:\/\/elluchador.info\/index.php?rest_route=\/wp\/v2\/users\/19"}],"replies":[{"embeddable":true,"href":"https:\/\/elluchador.info\/index.php?rest_route=%2Fwp%2Fv2%2Fcomments&post=237049"}],"version-history":[{"count":1,"href":"https:\/\/elluchador.info\/index.php?rest_route=\/wp\/v2\/posts\/237049\/revisions"}],"predecessor-version":[{"id":237051,"href":"https:\/\/elluchador.info\/index.php?rest_route=\/wp\/v2\/posts\/237049\/revisions\/237051"}],"wp:featuredmedia":[{"embeddable":true,"href":"https:\/\/elluchador.info\/index.php?rest_route=\/wp\/v2\/media\/237050"}],"wp:attachment":[{"href":"https:\/\/elluchador.info\/index.php?rest_route=%2Fwp%2Fv2%2Fmedia&parent=237049"}],"wp:term":[{"taxonomy":"category","embeddable":true,"href":"https:\/\/elluchador.info\/index.php?rest_route=%2Fwp%2Fv2%2Fcategories&post=237049"},{"taxonomy":"post_tag","embeddable":true,"href":"https:\/\/elluchador.info\/index.php?rest_route=%2Fwp%2Fv2%2Ftags&post=237049"}],"curies":[{"name":"wp","href":"https:\/\/api.w.org\/{rel}","templated":true}]}}