{"id":237079,"date":"2023-01-24T09:44:11","date_gmt":"2023-01-24T13:44:11","guid":{"rendered":"https:\/\/elluchador.info\/web\/?p=237079"},"modified":"2023-01-24T09:44:11","modified_gmt":"2023-01-24T13:44:11","slug":"turkish-airlines-fortalece-el-intercambio-comercial-con-venezuela","status":"publish","type":"post","link":"https:\/\/elluchador.info\/?p=237079","title":{"rendered":"Turkish Airlines fortalece el intercambio comercial con Venezuela"},"content":{"rendered":"<p>En el encuentro que se llev\u00f3 a cabo entre empresarios turcos y venezolanos, del sector p\u00fablico y privado, en Caracas, se acord\u00f3 fortalecer el turismo, educaci\u00f3n salud y servicios t\u00e9cnicos a trav\u00e9s de la empresa Turkish Airlines Inc.<\/p>\n<p>El presidente de la Junta directiva de esta aerol\u00ednea comercial, Ahmet Bolat, indic\u00f3 que \u201cnosotros tenemos plena convicci\u00f3n de que Venezuela saldr\u00e1 del bloqueo econ\u00f3mico y ser\u00e1 de nuevo la estrella de Am\u00e9rica latina\u201d.<\/p>\n<p>Destac\u00f3 Bolat, que \u201centre ambos jefes de Estado, se ha construido una relaci\u00f3n muy peculiar a nivel mundial, y esto lo corrobora el apoyo mutuo en tiempos dif\u00edciles, y como exportadores de servicios debemos preguntarnos qu\u00e9 podemos hacer para fortalecer m\u00e1s este pa\u00eds, acercar m\u00e1s las idiosincrasias de ambos pueblos y as\u00ed contribuir con el proceso de la Revoluci\u00f3n Bolivariana\u201d.<\/p>\n<p>En otro orden de ideas, el pa\u00eds turco ofrece 50 becas para formar estudiantes y otras 10 para formar profesionales de la salud, de forma gratuita.<\/p>\n<p>Por otra parte, el presidente del Comit\u00e9 Educacional sobre Econom\u00eda dijo que \u201cla educaci\u00f3n es lo m\u00e1s importante para el desarrollo de los pueblos, y nosotros contribuiremos con el pueblo venezolano, para que apalanquen el crecimiento econ\u00f3mico de su pa\u00eds en diferentes sectores de la econom\u00eda y la ciencia\u201d.<\/p>\n<p>Turkish Airlines Inc. la aerol\u00ednea nacional de Turqu\u00eda con base en Estambul. Tiene una red de vuelos regulares a un total de m\u00e1s de 322 destinos, en Turqu\u00eda, en pa\u00edses de Europa, Asia, \u00c1frica, Norteam\u00e9rica y Sudam\u00e9rica. Esto la convierte en la primera aerol\u00ednea del mundo por destinos en m\u00e1s pa\u00edses y la primera mundial por destinos servidos.<\/p>\n<p>En la actualidad cuenta con una amplia frecuencia de vuelos hacia Venezuela desde Estambul a Caracas.<\/p>\n<p>Por otra parte, la vicepresidenta de la Rep\u00fablica, Delcy Rodr\u00edguez, dijo que \u201ctenemos un gran compromiso en uni\u00f3n nacional, de seguir afianzando las relaciones bilaterales, que para nosotros son estrat\u00e9gicas, y ahora con las Zonas Econ\u00f3micas Especiales donde estamos definiendo siete zonas especiales, en nuestro pa\u00eds, se constituye en un \u00e1rea de inter\u00e9s para la inversi\u00f3n\u201d.<\/p>\n<p>Tambi\u00e9n se\u00f1al\u00f3, que los empresarios turcos pueden contar con todas las facilidades y protecciones de las leyes venezolanas, para el desarrollo de sus inversiones.<\/p>\n<p>T\u00fcrkiye se ha convertido en un socio estrat\u00e9gico comercial para la naci\u00f3n venezolana, al incrementar las relaciones comerciales con la naci\u00f3n euro asi\u00e1tica. \u201cLa importaciones de este pa\u00eds desde Venezuela alcanzaron m\u00e1s de 690 millones de d\u00f3lares, lo que indica un incremento de 25% en comparaci\u00f3n con el a\u00f1o 2021\u201d, afirm\u00f3 Rodr\u00edguez.<\/p>\n<p>Cabe destacar, que las exportaciones del pa\u00eds turco hacia Venezuela estuvieron por el orden de los 34 millones de d\u00f3lares, principalmente en el rubro cereales.<\/p>\n<p>Con informaci\u00f3n de www.vtv.gob.ve<\/p>\n","protected":false},"excerpt":{"rendered":"<p>En el encuentro que se llev\u00f3 a cabo entre empresarios turcos y venezolanos, del sector p\u00fablico y privado, en Caracas, se acord\u00f3 fortalecer el turismo, educaci\u00f3n salud y servicios t\u00e9cnicos a trav\u00e9s de la empresa Turkish Airlines Inc. El presidente de la Junta directiva de esta aerol\u00ednea comercial, Ahmet Bolat, indic\u00f3 que \u201cnosotros tenemos plena [&hellip;]<\/p>\n","protected":false},"author":19,"featured_media":237080,"comment_status":"closed","ping_status":"closed","sticky":false,"template":"","format":"standard","meta":{"footnotes":""},"categories":[6],"tags":[],"class_list":{"0":"post-237079","1":"post","2":"type-post","3":"status-publish","4":"format-standard","5":"has-post-thumbnail","7":"category-economia"},"_links":{"self":[{"href":"https:\/\/elluchador.info\/index.php?rest_route=\/wp\/v2\/posts\/237079","targetHints":{"allow":["GET"]}}],"collection":[{"href":"https:\/\/elluchador.info\/index.php?rest_route=\/wp\/v2\/posts"}],"about":[{"href":"https:\/\/elluchador.info\/index.php?rest_route=\/wp\/v2\/types\/post"}],"author":[{"embeddable":true,"href":"https:\/\/elluchador.info\/index.php?rest_route=\/wp\/v2\/users\/19"}],"replies":[{"embeddable":true,"href":"https:\/\/elluchador.info\/index.php?rest_route=%2Fwp%2Fv2%2Fcomments&post=237079"}],"version-history":[{"count":1,"href":"https:\/\/elluchador.info\/index.php?rest_route=\/wp\/v2\/posts\/237079\/revisions"}],"predecessor-version":[{"id":237081,"href":"https:\/\/elluchador.info\/index.php?rest_route=\/wp\/v2\/posts\/237079\/revisions\/237081"}],"wp:featuredmedia":[{"embeddable":true,"href":"https:\/\/elluchador.info\/index.php?rest_route=\/wp\/v2\/media\/237080"}],"wp:attachment":[{"href":"https:\/\/elluchador.info\/index.php?rest_route=%2Fwp%2Fv2%2Fmedia&parent=237079"}],"wp:term":[{"taxonomy":"category","embeddable":true,"href":"https:\/\/elluchador.info\/index.php?rest_route=%2Fwp%2Fv2%2Fcategories&post=237079"},{"taxonomy":"post_tag","embeddable":true,"href":"https:\/\/elluchador.info\/index.php?rest_route=%2Fwp%2Fv2%2Ftags&post=237079"}],"curies":[{"name":"wp","href":"https:\/\/api.w.org\/{rel}","templated":true}]}}