{"id":237082,"date":"2023-01-24T09:46:30","date_gmt":"2023-01-24T13:46:30","guid":{"rendered":"https:\/\/elluchador.info\/web\/?p=237082"},"modified":"2023-01-24T09:46:30","modified_gmt":"2023-01-24T13:46:30","slug":"canciller-yvan-gil-sostuvo-encuentro-con-su-homologo-brasileno-mauro-viera-en-vii-cumbre-de-la-celac","status":"publish","type":"post","link":"https:\/\/elluchador.info\/?p=237082","title":{"rendered":"Canciller Yv\u00e1n Gil sostuvo encuentro con su hom\u00f3logo brasile\u00f1o Mauro Viera en VII Cumbre de la CELAC"},"content":{"rendered":"<p>A trav\u00e9s de su cuenta en la red social Twitter @yvangil, el canciller de la Rep\u00fablica Bolivariana de Venezuela, Yv\u00e1n Gil destac\u00f3 el encuentro que sostuvo con su hom\u00f3logo brasile\u00f1o Mauro Viera en la VII Cumbre de Jefas y Jefes de Estado y de Gobierno de la CELAC.<\/p>\n<p>Resalt\u00f3 que la reuni\u00f3n fue propicia para conversar sobre el plan de trabajo e iniciar la ruta de cooperaci\u00f3n entre ambos pa\u00edses.<\/p>\n<p>Cabe destacar que el Gobierno Constitucional de la Rep\u00fablica Bolivariana de Venezuela, denunci\u00f3 mediante un comunicado oficial sobre un plan elaborado por la derecha neofascista que busca desvirtuar el desarrollo de la VII Cumbre de Jefas y Jefes de Estado y de Gobierno de la Comunidad (CELAC), y con ello realizar una serie de agresiones en contra de la delegaci\u00f3n encabezada por el jefe de Estado, Nicol\u00e1s Maduro Moros.<\/p>\n<p>En el documento se detalla que las acciones violentas que se pretenden instaurar en la cita regional buscan contribuir a la\u00a0 \u201ccampa\u00f1a de descr\u00e9dito \u2013 ya fracasada- que se ha emprendido contra el pa\u00eds desde el Imperio Norteamericano\u201d.<\/p>\n<p>Ante este escenario de planes extravagantes dise\u00f1ados por extremistas de la derecha \u00abel Gobierno Bolivariano ha tomado la decisi\u00f3n de enviar como jefe de delegaci\u00f3n, al canciller de la Rep\u00fablica Yv\u00e1n Gil con las instrucciones de llevar la voz del Pueblo de Venezuela ante la m\u00e1xima instancia de la CELAC, as\u00ed como ejecutar las interacciones necesarias que se desarrollar\u00e1n entre las 33 delegaciones presentes en esta cita, en todos sus niveles\u00bb.<\/p>\n<p>Con informaci\u00f3n de www.vtv.gob.ve<\/p>\n","protected":false},"excerpt":{"rendered":"<p>A trav\u00e9s de su cuenta en la red social Twitter @yvangil, el canciller de la Rep\u00fablica Bolivariana de Venezuela, Yv\u00e1n Gil destac\u00f3 el encuentro que sostuvo con su hom\u00f3logo brasile\u00f1o Mauro Viera en la VII Cumbre de Jefas y Jefes de Estado y de Gobierno de la CELAC. Resalt\u00f3 que la reuni\u00f3n fue propicia para [&hellip;]<\/p>\n","protected":false},"author":19,"featured_media":237083,"comment_status":"closed","ping_status":"closed","sticky":false,"template":"","format":"standard","meta":{"footnotes":""},"categories":[9],"tags":[],"class_list":{"0":"post-237082","1":"post","2":"type-post","3":"status-publish","4":"format-standard","5":"has-post-thumbnail","7":"category-nacionales"},"_links":{"self":[{"href":"https:\/\/elluchador.info\/index.php?rest_route=\/wp\/v2\/posts\/237082","targetHints":{"allow":["GET"]}}],"collection":[{"href":"https:\/\/elluchador.info\/index.php?rest_route=\/wp\/v2\/posts"}],"about":[{"href":"https:\/\/elluchador.info\/index.php?rest_route=\/wp\/v2\/types\/post"}],"author":[{"embeddable":true,"href":"https:\/\/elluchador.info\/index.php?rest_route=\/wp\/v2\/users\/19"}],"replies":[{"embeddable":true,"href":"https:\/\/elluchador.info\/index.php?rest_route=%2Fwp%2Fv2%2Fcomments&post=237082"}],"version-history":[{"count":1,"href":"https:\/\/elluchador.info\/index.php?rest_route=\/wp\/v2\/posts\/237082\/revisions"}],"predecessor-version":[{"id":237084,"href":"https:\/\/elluchador.info\/index.php?rest_route=\/wp\/v2\/posts\/237082\/revisions\/237084"}],"wp:featuredmedia":[{"embeddable":true,"href":"https:\/\/elluchador.info\/index.php?rest_route=\/wp\/v2\/media\/237083"}],"wp:attachment":[{"href":"https:\/\/elluchador.info\/index.php?rest_route=%2Fwp%2Fv2%2Fmedia&parent=237082"}],"wp:term":[{"taxonomy":"category","embeddable":true,"href":"https:\/\/elluchador.info\/index.php?rest_route=%2Fwp%2Fv2%2Fcategories&post=237082"},{"taxonomy":"post_tag","embeddable":true,"href":"https:\/\/elluchador.info\/index.php?rest_route=%2Fwp%2Fv2%2Ftags&post=237082"}],"curies":[{"name":"wp","href":"https:\/\/api.w.org\/{rel}","templated":true}]}}