{"id":237091,"date":"2023-01-24T09:52:58","date_gmt":"2023-01-24T13:52:58","guid":{"rendered":"https:\/\/elluchador.info\/web\/?p=237091"},"modified":"2023-01-24T09:52:58","modified_gmt":"2023-01-24T13:52:58","slug":"venezuela-y-turquia-estrechan-lazos-comerciales-en-encuentro-de-alto-nivel-empresarial","status":"publish","type":"post","link":"https:\/\/elluchador.info\/?p=237091","title":{"rendered":"Venezuela y Turqu\u00eda estrechan lazos comerciales en encuentro de alto nivel empresarial"},"content":{"rendered":"<p>Este lunes, a prop\u00f3sito del fortalecimiento de las relaciones comerciales entre Venezuela y la Rep\u00fablica de Turqu\u00eda, se realiz\u00f3 una importante reuni\u00f3n bilateral en la que se trazaron las estrategias para consolidar el intercambio comercial \u2013 econ\u00f3mico entre empresarios de ambas naciones.<\/p>\n<p>El encuentro estuvo liderado por la vicepresidenta Ejecutiva de la Rep\u00fablica Bolivariana de Venezuela, Delcy Rodr\u00edguez, acompa\u00f1ada por el ministro de Comercio de la Rep\u00fablica de Turqu\u00eda, Mehmet Mu\u015f.<\/p>\n<p>La vicepresidenta indic\u00f3 que \u00abVenezuela tiene las reservas de petr\u00f3leo m\u00e1s grandes del mundo, la segunda reserva m\u00e1s grande de oro y hierro; la sexta de diamantes, lo cual indica las grandes potencialidades para la inversi\u00f3n extranjera en nuestro pa\u00eds\u00bb.<\/p>\n<p>Es relevante se\u00f1alar que, Mu\u015f cumple una destacada agenda de negocios en el pa\u00eds, acompa\u00f1ado por una amplia delegaci\u00f3n de empresarios de la naci\u00f3n turca.<\/p>\n<p>\u00abEn 2019, nuestro intercambio comercial estaba alrededor de los 150 mil d\u00f3lares, y en este momento, sobrepasa los mil millones de d\u00f3lares, lo cual indica el crecimiento de nuestras relaciones comerciales\u00bb, afirm\u00f3.<\/p>\n<p>Es puntual destacar que, el encuentro entre Rodr\u00edguez y la delegaci\u00f3n empresarial turca, tiene como objetivo afianzar la profunda amistad, y continuar trabajando en conjunto, en funci\u00f3n de impulsar y elevar al m\u00e1s alto nivel, la alianza de cooperaci\u00f3n estrat\u00e9gica en beneficio de ambos pueblos, con m\u00e1s de 70 a\u00f1os de relaciones diplom\u00e1ticas.<\/p>\n<p>En esta reuni\u00f3n revisar\u00e1n el mapa de cooperaci\u00f3n en ejes fundamentales, y de esta forma, ambas naciones afianzar\u00e1n las relaciones empresariales bilaterales.<\/p>\n<p>Turqu\u00eda y Venezuela tienen relaciones en diversas \u00e1reas como lo son: defensa, salud, energ\u00eda, comercio, finanzas, educaci\u00f3n, ciencia, turismo, cultura, pesca, aluminio, sector automotriz, miner\u00eda, acuicultura, entre otras.<\/p>\n<p>Tanto la naci\u00f3n turca como la Rep\u00fablica Bolivariana de Venezuela promueven el respeto, la defensa de la soberan\u00eda de los pueblos y la no injerencia extranjera en asuntos internos de cualquier pa\u00eds del planeta.<\/p>\n<p>Con informaci\u00f3n de www.vtv.gob.ve<\/p>\n","protected":false},"excerpt":{"rendered":"<p>Este lunes, a prop\u00f3sito del fortalecimiento de las relaciones comerciales entre Venezuela y la Rep\u00fablica de Turqu\u00eda, se realiz\u00f3 una importante reuni\u00f3n bilateral en la que se trazaron las estrategias para consolidar el intercambio comercial \u2013 econ\u00f3mico entre empresarios de ambas naciones. El encuentro estuvo liderado por la vicepresidenta Ejecutiva de la Rep\u00fablica Bolivariana de [&hellip;]<\/p>\n","protected":false},"author":19,"featured_media":237092,"comment_status":"closed","ping_status":"closed","sticky":false,"template":"","format":"standard","meta":{"footnotes":""},"categories":[9],"tags":[],"class_list":{"0":"post-237091","1":"post","2":"type-post","3":"status-publish","4":"format-standard","5":"has-post-thumbnail","7":"category-nacionales"},"_links":{"self":[{"href":"https:\/\/elluchador.info\/index.php?rest_route=\/wp\/v2\/posts\/237091","targetHints":{"allow":["GET"]}}],"collection":[{"href":"https:\/\/elluchador.info\/index.php?rest_route=\/wp\/v2\/posts"}],"about":[{"href":"https:\/\/elluchador.info\/index.php?rest_route=\/wp\/v2\/types\/post"}],"author":[{"embeddable":true,"href":"https:\/\/elluchador.info\/index.php?rest_route=\/wp\/v2\/users\/19"}],"replies":[{"embeddable":true,"href":"https:\/\/elluchador.info\/index.php?rest_route=%2Fwp%2Fv2%2Fcomments&post=237091"}],"version-history":[{"count":1,"href":"https:\/\/elluchador.info\/index.php?rest_route=\/wp\/v2\/posts\/237091\/revisions"}],"predecessor-version":[{"id":237093,"href":"https:\/\/elluchador.info\/index.php?rest_route=\/wp\/v2\/posts\/237091\/revisions\/237093"}],"wp:featuredmedia":[{"embeddable":true,"href":"https:\/\/elluchador.info\/index.php?rest_route=\/wp\/v2\/media\/237092"}],"wp:attachment":[{"href":"https:\/\/elluchador.info\/index.php?rest_route=%2Fwp%2Fv2%2Fmedia&parent=237091"}],"wp:term":[{"taxonomy":"category","embeddable":true,"href":"https:\/\/elluchador.info\/index.php?rest_route=%2Fwp%2Fv2%2Fcategories&post=237091"},{"taxonomy":"post_tag","embeddable":true,"href":"https:\/\/elluchador.info\/index.php?rest_route=%2Fwp%2Fv2%2Ftags&post=237091"}],"curies":[{"name":"wp","href":"https:\/\/api.w.org\/{rel}","templated":true}]}}