{"id":237106,"date":"2023-01-24T10:47:28","date_gmt":"2023-01-24T14:47:28","guid":{"rendered":"https:\/\/elluchador.info\/web\/?p=237106"},"modified":"2023-01-24T10:49:32","modified_gmt":"2023-01-24T14:49:32","slug":"33-paises-participan-en-la-cumbre-de-la-celac-este-martes","status":"publish","type":"post","link":"https:\/\/elluchador.info\/?p=237106","title":{"rendered":"33 pa\u00edses participan en la Cumbre de la Celac este martes"},"content":{"rendered":"<p>Por primera vez, la totalidad de las 33 naciones que conforman el foro ser\u00e1n parte del encuentro, que se desarrolla en el Sheraton Buenos Aires Hotel a partir de las 10 de la ma\u00f1ana de este martes.<\/p>\n<p>La actividad cuenta con un fuerte operativo de seguridad con cortes de calles.<\/p>\n<p>Las sesiones contar\u00e1n con la presencia confirmada de m\u00e1s de 15 mandatarios, entre los cuales, adem\u00e1s del presidente anfitri\u00f3n, Alberto Fern\u00e1ndez, estar\u00e1n Luiz In\u00e1cio Lula da Silva (Brasil), Gustavo Petro (Colombia), Gabriel Boric (Chile), Luis Arce (Bolivia), Xiomara Castro (Honduras), Mia Mottley (Barbados), Mario Abdo Ben\u00edtez (Paraguay), Luis Lacalle Pou (Uruguay) y Miguel D\u00edaz-Canel (Cuba).<\/p>\n<p>Del encuentro tambi\u00e9n participar\u00e1n representantes de distintos organismos regionales y multilaterales, entre ellos el presidente del Consejo Europeo, el belga Charles Michel, y el director general de la Organizaci\u00f3n de las Naciones Unidas para la Alimentaci\u00f3n y la Agricultura (FAO), el diplom\u00e1tico chino Qu Dongyu.<\/p>\n<p>La agenda de la VII Cumbre de la Celac<\/p>\n<p>Alberto Fern\u00e1ndez, en su rol de presidente pro tempore del mecanismo, estar\u00e1 a cargo de la inauguraci\u00f3n del foro.<\/p>\n<p>Luego hablar\u00e1 el canciller Santiago Cafiero, quien har\u00e1 un repaso de la labor desarrollada por Argentina a la cabeza de la Celac, en 2022.<\/p>\n<p>Tras esas exposiciones, que ser\u00e1n abiertas a la prensa, el plenario de jefes de Estado se realizar\u00e1 a puertas cerradas. Luego, se realizar\u00e1 la tradicional \u00abfoto de familia\u00bb y el almuerzo de honor entre todas las delegaciones.<\/p>\n<p>Por la tarde habr\u00e1 una segunda sesi\u00f3n de debate entre los mandatarios, que tendr\u00e1 como uno de los ejes centrales decidir qu\u00e9 pa\u00eds suceder\u00e1 a la Argentina al frente de la Celac. Hasta el momento, San Vicente y las Granadinas (naci\u00f3n ubicada al sur del Caribe y al norte de Venezuela) es la \u00fanica candidata formal a ocupar la presidencia pro tempore del foro durante 2023.<\/p>\n<p>Est\u00e1 previsto que al terminar el plenario de la tarde Cafiero ofrezca una conferencia de prensa junto al canciller del pa\u00eds entrante en la PPT (si hubiere consenso) para informar las conclusiones alcanzadas en la cumbre, definiciones que, como es usual, quedar\u00e1n plasmadas en un documento final.<\/p>\n<p>Con informaci\u00f3n de unionradio.net<\/p>\n","protected":false},"excerpt":{"rendered":"<p>Por primera vez, la totalidad de las 33 naciones que conforman el foro ser\u00e1n parte del encuentro, que se desarrolla en el Sheraton Buenos Aires Hotel a partir de las 10 de la ma\u00f1ana de este martes. La actividad cuenta con un fuerte operativo de seguridad con cortes de calles. Las sesiones contar\u00e1n con la [&hellip;]<\/p>\n","protected":false},"author":19,"featured_media":237107,"comment_status":"closed","ping_status":"closed","sticky":false,"template":"","format":"standard","meta":{"footnotes":""},"categories":[8],"tags":[],"class_list":{"0":"post-237106","1":"post","2":"type-post","3":"status-publish","4":"format-standard","5":"has-post-thumbnail","7":"category-internacionales"},"_links":{"self":[{"href":"https:\/\/elluchador.info\/index.php?rest_route=\/wp\/v2\/posts\/237106","targetHints":{"allow":["GET"]}}],"collection":[{"href":"https:\/\/elluchador.info\/index.php?rest_route=\/wp\/v2\/posts"}],"about":[{"href":"https:\/\/elluchador.info\/index.php?rest_route=\/wp\/v2\/types\/post"}],"author":[{"embeddable":true,"href":"https:\/\/elluchador.info\/index.php?rest_route=\/wp\/v2\/users\/19"}],"replies":[{"embeddable":true,"href":"https:\/\/elluchador.info\/index.php?rest_route=%2Fwp%2Fv2%2Fcomments&post=237106"}],"version-history":[{"count":2,"href":"https:\/\/elluchador.info\/index.php?rest_route=\/wp\/v2\/posts\/237106\/revisions"}],"predecessor-version":[{"id":237109,"href":"https:\/\/elluchador.info\/index.php?rest_route=\/wp\/v2\/posts\/237106\/revisions\/237109"}],"wp:featuredmedia":[{"embeddable":true,"href":"https:\/\/elluchador.info\/index.php?rest_route=\/wp\/v2\/media\/237107"}],"wp:attachment":[{"href":"https:\/\/elluchador.info\/index.php?rest_route=%2Fwp%2Fv2%2Fmedia&parent=237106"}],"wp:term":[{"taxonomy":"category","embeddable":true,"href":"https:\/\/elluchador.info\/index.php?rest_route=%2Fwp%2Fv2%2Fcategories&post=237106"},{"taxonomy":"post_tag","embeddable":true,"href":"https:\/\/elluchador.info\/index.php?rest_route=%2Fwp%2Fv2%2Ftags&post=237106"}],"curies":[{"name":"wp","href":"https:\/\/api.w.org\/{rel}","templated":true}]}}