{"id":237110,"date":"2023-01-24T10:55:06","date_gmt":"2023-01-24T14:55:06","guid":{"rendered":"https:\/\/elluchador.info\/web\/?p=237110"},"modified":"2023-01-24T10:55:06","modified_gmt":"2023-01-24T14:55:06","slug":"alto-comisionado-de-la-onu-para-los-derechos-humanos-visita-colombia","status":"publish","type":"post","link":"https:\/\/elluchador.info\/?p=237110","title":{"rendered":"Alto comisionado de la ONU para los Derechos Humanos visita Colombia"},"content":{"rendered":"<p>El alto comisionado de las Naciones Unidas para los Derechos Humanos, Volker T\u00fcrk, inicia hoy una visita oficial a Colombia que finalizar\u00e1 ma\u00f1ana, seg\u00fan indic\u00f3 la oficina que dirige en un comunicado.<\/p>\n<p>Durante su visita, T\u00fcrk se entrevistar\u00e1 con representantes del gobierno colombiano y de la sociedad civil, con activistas por los derechos humanos, con representantes de los pueblos ind\u00edgenas y afrodescendientes, y con miembros de la comunidad internacional en Colombia.<\/p>\n<p>Adem\u00e1s, el alto comisionado, que acaba de finalizar una visita a Ecuador, asistir\u00e1 a un evento organizado por la embajadora sueca en Colombia, Helena Storm, en el que se conmemorar\u00e1 el 75\u00ba aniversario de la Declaraci\u00f3n Universal de los Derechos Humanos.<\/p>\n<p>Este mi\u00e9rcoles, el alto comisionado ofrecer\u00e1 una conferencia de prensa en Bogot\u00e1 para valorar esta visita.<\/p>\n<p>Con informaci\u00f3n de unionradio.net<\/p>\n","protected":false},"excerpt":{"rendered":"<p>El alto comisionado de las Naciones Unidas para los Derechos Humanos, Volker T\u00fcrk, inicia hoy una visita oficial a Colombia que finalizar\u00e1 ma\u00f1ana, seg\u00fan indic\u00f3 la oficina que dirige en un comunicado. Durante su visita, T\u00fcrk se entrevistar\u00e1 con representantes del gobierno colombiano y de la sociedad civil, con activistas por los derechos humanos, con [&hellip;]<\/p>\n","protected":false},"author":19,"featured_media":237111,"comment_status":"closed","ping_status":"closed","sticky":false,"template":"","format":"standard","meta":{"footnotes":""},"categories":[8],"tags":[],"class_list":{"0":"post-237110","1":"post","2":"type-post","3":"status-publish","4":"format-standard","5":"has-post-thumbnail","7":"category-internacionales"},"_links":{"self":[{"href":"https:\/\/elluchador.info\/index.php?rest_route=\/wp\/v2\/posts\/237110","targetHints":{"allow":["GET"]}}],"collection":[{"href":"https:\/\/elluchador.info\/index.php?rest_route=\/wp\/v2\/posts"}],"about":[{"href":"https:\/\/elluchador.info\/index.php?rest_route=\/wp\/v2\/types\/post"}],"author":[{"embeddable":true,"href":"https:\/\/elluchador.info\/index.php?rest_route=\/wp\/v2\/users\/19"}],"replies":[{"embeddable":true,"href":"https:\/\/elluchador.info\/index.php?rest_route=%2Fwp%2Fv2%2Fcomments&post=237110"}],"version-history":[{"count":1,"href":"https:\/\/elluchador.info\/index.php?rest_route=\/wp\/v2\/posts\/237110\/revisions"}],"predecessor-version":[{"id":237112,"href":"https:\/\/elluchador.info\/index.php?rest_route=\/wp\/v2\/posts\/237110\/revisions\/237112"}],"wp:featuredmedia":[{"embeddable":true,"href":"https:\/\/elluchador.info\/index.php?rest_route=\/wp\/v2\/media\/237111"}],"wp:attachment":[{"href":"https:\/\/elluchador.info\/index.php?rest_route=%2Fwp%2Fv2%2Fmedia&parent=237110"}],"wp:term":[{"taxonomy":"category","embeddable":true,"href":"https:\/\/elluchador.info\/index.php?rest_route=%2Fwp%2Fv2%2Fcategories&post=237110"},{"taxonomy":"post_tag","embeddable":true,"href":"https:\/\/elluchador.info\/index.php?rest_route=%2Fwp%2Fv2%2Ftags&post=237110"}],"curies":[{"name":"wp","href":"https:\/\/api.w.org\/{rel}","templated":true}]}}