{"id":237113,"date":"2023-01-24T11:03:25","date_gmt":"2023-01-24T15:03:25","guid":{"rendered":"https:\/\/elluchador.info\/web\/?p=237113"},"modified":"2023-01-24T11:03:25","modified_gmt":"2023-01-24T15:03:25","slug":"expresidente-de-guatemala-alvaro-colom-muere-a-los-71-anos","status":"publish","type":"post","link":"https:\/\/elluchador.info\/?p=237113","title":{"rendered":"Expresidente de Guatemala \u00c1lvaro Colom muere a los 71 a\u00f1os"},"content":{"rendered":"<p>El ex mandatario padec\u00eda desde hace varios a\u00f1os de c\u00e1ncer de es\u00f3fago, el cual fue dado a conocer en diciembre de 2020.<\/p>\n<p>El expresidente guatemalteco \u00c1lvaro Colom, quien gobern\u00f3 al pa\u00eds entre 2008 y 2012, falleci\u00f3 este lunes a la edad de 71 a\u00f1os tras padecer un tipo de c\u00e1ncer, seg\u00fan confirm\u00f3 la bancada que lo llev\u00f3 al poder, Unidad Nacional de la Esperanza (UNE).<\/p>\n<p>El exministro del Interior, Carlos Menocal, dio a conocer la noticia a trav\u00e9s de su cuenta de Twitter mientras afirm\u00f3 que \u201cha fallecido el presidente \u00c1lvaro Colom. Lamento su deceso y me uno en oraci\u00f3n por su descanso eterno\u00bb.<\/p>\n<p>Por su parte, el actual jefe de Estado guatemalteco, Alejandro Giammattei, se\u00f1al\u00f3 que lamenta el \u201csensible\u201d fallecimiento del expresidente, \u201cquien esta noche se nos adelant\u00f3 en el viaje a la eternidad\u201d.<\/p>\n<p>Al mismo tiempo, su ex esposa y actual candidata a la presidencia de cara a los comicios del pr\u00f3ximo mes de junio, Sandra Torres, expres\u00f3 que descanse en paz \u201cun hombre noble que siempre llev\u00f3 a Guatemala en su coraz\u00f3n. Mis condolencias y m\u00e1s sentido p\u00e9same a la familia\u201d.<\/p>\n<p>De acuerdo con medios internacionales, el ex mandatario padec\u00eda desde hace varios a\u00f1os de c\u00e1ncer de es\u00f3fago, el cual fue dado a conocer en diciembre de 2020. Asimismo, precisan que en los \u00faltimos d\u00edas de su vida abandon\u00f3 el hospital para recibir el tratamiento en su residencia.<\/p>\n<p>En este sentido, Colom permanec\u00eda bajo arresto domiciliario luego de que fuera acusado por la Fiscal\u00eda Especial Contra la Impunidad por supuestas anomal\u00edas valoradas en 35 millones de d\u00f3lares en un contrato sobre transporte p\u00fablico de la capital.<\/p>\n<p>El Departamento de Estado del Gobierno de los Estados Unidos lo incluy\u00f3 en 2021 en un listado donde lo vinculaba con presuntos actos de corrupci\u00f3n, por lo cual le revoc\u00f3 la visa de entrada al pa\u00eds.<\/p>\n<p>Con informaci\u00f3n de www.telesurtv.net<\/p>\n","protected":false},"excerpt":{"rendered":"<p>El ex mandatario padec\u00eda desde hace varios a\u00f1os de c\u00e1ncer de es\u00f3fago, el cual fue dado a conocer en diciembre de 2020. El expresidente guatemalteco \u00c1lvaro Colom, quien gobern\u00f3 al pa\u00eds entre 2008 y 2012, falleci\u00f3 este lunes a la edad de 71 a\u00f1os tras padecer un tipo de c\u00e1ncer, seg\u00fan confirm\u00f3 la bancada que [&hellip;]<\/p>\n","protected":false},"author":19,"featured_media":237114,"comment_status":"closed","ping_status":"closed","sticky":false,"template":"","format":"standard","meta":{"footnotes":""},"categories":[8],"tags":[],"class_list":{"0":"post-237113","1":"post","2":"type-post","3":"status-publish","4":"format-standard","5":"has-post-thumbnail","7":"category-internacionales"},"_links":{"self":[{"href":"https:\/\/elluchador.info\/index.php?rest_route=\/wp\/v2\/posts\/237113","targetHints":{"allow":["GET"]}}],"collection":[{"href":"https:\/\/elluchador.info\/index.php?rest_route=\/wp\/v2\/posts"}],"about":[{"href":"https:\/\/elluchador.info\/index.php?rest_route=\/wp\/v2\/types\/post"}],"author":[{"embeddable":true,"href":"https:\/\/elluchador.info\/index.php?rest_route=\/wp\/v2\/users\/19"}],"replies":[{"embeddable":true,"href":"https:\/\/elluchador.info\/index.php?rest_route=%2Fwp%2Fv2%2Fcomments&post=237113"}],"version-history":[{"count":1,"href":"https:\/\/elluchador.info\/index.php?rest_route=\/wp\/v2\/posts\/237113\/revisions"}],"predecessor-version":[{"id":237115,"href":"https:\/\/elluchador.info\/index.php?rest_route=\/wp\/v2\/posts\/237113\/revisions\/237115"}],"wp:featuredmedia":[{"embeddable":true,"href":"https:\/\/elluchador.info\/index.php?rest_route=\/wp\/v2\/media\/237114"}],"wp:attachment":[{"href":"https:\/\/elluchador.info\/index.php?rest_route=%2Fwp%2Fv2%2Fmedia&parent=237113"}],"wp:term":[{"taxonomy":"category","embeddable":true,"href":"https:\/\/elluchador.info\/index.php?rest_route=%2Fwp%2Fv2%2Fcategories&post=237113"},{"taxonomy":"post_tag","embeddable":true,"href":"https:\/\/elluchador.info\/index.php?rest_route=%2Fwp%2Fv2%2Ftags&post=237113"}],"curies":[{"name":"wp","href":"https:\/\/api.w.org\/{rel}","templated":true}]}}