{"id":237116,"date":"2023-01-24T11:14:24","date_gmt":"2023-01-24T15:14:24","guid":{"rendered":"https:\/\/elluchador.info\/web\/?p=237116"},"modified":"2023-01-24T11:14:24","modified_gmt":"2023-01-24T15:14:24","slug":"nueva-jornada-de-protestas-en-peru-estuvo-marcada-por-enfrentamientos-con-la-policia","status":"publish","type":"post","link":"https:\/\/elluchador.info\/?p=237116","title":{"rendered":"Nueva jornada de protestas en Per\u00fa estuvo marcada por enfrentamientos con la Polic\u00eda"},"content":{"rendered":"<p>Este lunes contin\u00faan las protestas en varios puntos del Per\u00fa, luego de un turbulento fin de semana y de la \u00abToma de Lima\u00bb el jueves pasado.<\/p>\n<p>Los manifestantes persisten en el pedido de renuncia de Dina Boluarte, el cierre del Congreso, elecciones anticipadas para 2023 y la liberaci\u00f3n del presidente depuesto Pedro Castillo. A las demandas se ha sumado la convocatoria a una asamblea constituyente y justicia por los ca\u00eddos en las protestas, que ya superan los 50.<\/p>\n<p>De acuerdo con la Superintendencia de Transporte Terrestre de Personas, Carga y Mercanc\u00edas (SUTRAN), hay bloqueos de v\u00edas en el centro y sur del pa\u00eds.<\/p>\n<p>En la capital peruana permanecen manifestantes que llegaron la semana pasada para la denominada \u00abToma de Lima\u00bb o la \u00abSegunda Marcha de los Cuatro Suyos\u00bb.<\/p>\n<p>A tempranas horas de este lunes, ciudadanos salieron a manifestarse en el distrito lime\u00f1o de Santa Anita.<\/p>\n<p>Tambi\u00e9n hay movimiento de manifestantes en las inmediaciones del Gran Mercado Mayorista de Lima, que es custodiado por la Polic\u00eda.<\/p>\n<p>\u00ab\u00dananse a la lucha compa\u00f1eros, han matado a nuestros hermanos, no seamos indiferentes, somos peruanos como ustedes\u00bb, dijo uno de los manifestantes ante los uniformados.<\/p>\n<p>Para las 03:00 de la tarde (hora local) fue convocada una marcha en la Plaza San Mart\u00edn de Lima, por licenciados y reservistas de las Fuerzas Armadas, de acuerdo con una publicaci\u00f3n que circula en las redes sociales.<\/p>\n<p>Se espera que a\u00fan sigan llegando otros manifestantes desde el interior del pa\u00eds a la capital. En Cusco, por ejemplo, un grupo de estudiantes de la Universidad Nacional de San Antonio Abad del Cusco (UNSAAC) decidi\u00f3 partir a Lima este lunes para sumarse a las marchas.<\/p>\n<p>Tambi\u00e9n en Cusco, se realiza una marcha por las calles de la ciudad desde temprano, dirigida por el Sindicato Regional de Trabajadores en Construcci\u00f3n Civil y Afines.<\/p>\n<p>Asimismo, hay bloqueos en la Panamericana Sur, en los distritos de Santiago y Salas, en el departamento de Ica.<\/p>\n<p>En Arequipa, sigue restringido el paso vehicular en el puente A\u00f1ashuayco, donde la semana pasada hubo enfrentamientos entre los descontentos y las fuerzas de seguridad.<\/p>\n<p>De acuerdo con el \u00faltimo reporte de la Defensor\u00eda del Pueblo de Per\u00fa, publicado la noche del domingo, se han registrado 55 muertes en el marco de la actual crisis pol\u00edtica y social que vive el pa\u00eds.<\/p>\n<p>Se trata de 45 civiles que murieron \u00aben enfrentamientos\u00bb, otros nueve \u00abpor accidentes de tr\u00e1nsito y hechos vinculados al bloqueo\u00bb y un polic\u00eda \u00abpor hechos de violencia en el contexto del conflicto\u00bb.<\/p>\n<p>Operativo en la universidad<\/p>\n<p>El fin de semana estuvo marcado por la intervenci\u00f3n que llev\u00f3 a cabo la Polic\u00eda Nacional del Per\u00fa (PNP) en la Universidad Nacional Mayor de San Marcos (UNMSM) de Lima, para desalojar a los manifestantes que se hallaban en ese campus.<\/p>\n<p>El operativo se ejecut\u00f3 el s\u00e1bado y dej\u00f3 193 detenidos, de los cuales ya fueron puestos en libertad 192, seg\u00fan inform\u00f3 el Ministerio P\u00fablico, que indic\u00f3 que un ciudadano quedar\u00e1 detenido por tener requisitoria.<\/p>\n<p>La UNMSM denunci\u00f3 que que hubo \u00ababuso de autoridad\u00bb por parte de los miembros de la PNP en el operativo. Tambi\u00e9n, la organizaci\u00f3n de derechos humanos Amnist\u00eda Internacional (AI) alert\u00f3 que hubo un \u00abuso desproporcionado de la fuerza\u00bb en la intervenci\u00f3n al campus universitario y la detenci\u00f3n de las 193 personas.<\/p>\n<p>Sin embargo, el ministro del Interior, Vicente Romero, defendi\u00f3 el accionar policial e indic\u00f3 que los uniformados actuaron \u00aben el marco de la ley\u00bb. \u00abHe pedido un informe pormenorizado de la intervenci\u00f3n, pero s\u00ed ha estado justificada de acuerdo a ley\u00bb, coment\u00f3.<\/p>\n<p>Con informaci\u00f3n de www.globovision.com<\/p>\n","protected":false},"excerpt":{"rendered":"<p>Este lunes contin\u00faan las protestas en varios puntos del Per\u00fa, luego de un turbulento fin de semana y de la \u00abToma de Lima\u00bb el jueves pasado. Los manifestantes persisten en el pedido de renuncia de Dina Boluarte, el cierre del Congreso, elecciones anticipadas para 2023 y la liberaci\u00f3n del presidente depuesto Pedro Castillo. A las [&hellip;]<\/p>\n","protected":false},"author":19,"featured_media":237117,"comment_status":"closed","ping_status":"closed","sticky":false,"template":"","format":"standard","meta":{"footnotes":""},"categories":[8],"tags":[],"class_list":{"0":"post-237116","1":"post","2":"type-post","3":"status-publish","4":"format-standard","5":"has-post-thumbnail","7":"category-internacionales"},"_links":{"self":[{"href":"https:\/\/elluchador.info\/index.php?rest_route=\/wp\/v2\/posts\/237116","targetHints":{"allow":["GET"]}}],"collection":[{"href":"https:\/\/elluchador.info\/index.php?rest_route=\/wp\/v2\/posts"}],"about":[{"href":"https:\/\/elluchador.info\/index.php?rest_route=\/wp\/v2\/types\/post"}],"author":[{"embeddable":true,"href":"https:\/\/elluchador.info\/index.php?rest_route=\/wp\/v2\/users\/19"}],"replies":[{"embeddable":true,"href":"https:\/\/elluchador.info\/index.php?rest_route=%2Fwp%2Fv2%2Fcomments&post=237116"}],"version-history":[{"count":1,"href":"https:\/\/elluchador.info\/index.php?rest_route=\/wp\/v2\/posts\/237116\/revisions"}],"predecessor-version":[{"id":237118,"href":"https:\/\/elluchador.info\/index.php?rest_route=\/wp\/v2\/posts\/237116\/revisions\/237118"}],"wp:featuredmedia":[{"embeddable":true,"href":"https:\/\/elluchador.info\/index.php?rest_route=\/wp\/v2\/media\/237117"}],"wp:attachment":[{"href":"https:\/\/elluchador.info\/index.php?rest_route=%2Fwp%2Fv2%2Fmedia&parent=237116"}],"wp:term":[{"taxonomy":"category","embeddable":true,"href":"https:\/\/elluchador.info\/index.php?rest_route=%2Fwp%2Fv2%2Fcategories&post=237116"},{"taxonomy":"post_tag","embeddable":true,"href":"https:\/\/elluchador.info\/index.php?rest_route=%2Fwp%2Fv2%2Ftags&post=237116"}],"curies":[{"name":"wp","href":"https:\/\/api.w.org\/{rel}","templated":true}]}}