{"id":237125,"date":"2023-01-24T11:33:09","date_gmt":"2023-01-24T15:33:09","guid":{"rendered":"https:\/\/elluchador.info\/web\/?p=237125"},"modified":"2023-01-24T11:33:09","modified_gmt":"2023-01-24T15:33:09","slug":"fernandez-los-bloqueos-son-un-metodo-perverso-de-sancion-a-los-pueblos","status":"publish","type":"post","link":"https:\/\/elluchador.info\/?p=237125","title":{"rendered":"Fern\u00e1ndez: los bloqueos son un m\u00e9todo perverso de sanci\u00f3n a los pueblos"},"content":{"rendered":"<p>Este martes el presidente de Argentina, Alberto Fern\u00e1ndez inaugur\u00f3 la VII Cumbre de jefes de Estado de la Comunidad de Estados Latinoamericanos y Caribe\u00f1os (Celac) que re\u00fane a 33 pa\u00edses del continente americano.<\/p>\n<p>\u00abLos bloqueos son un m\u00e9todo perverso de sanci\u00f3n no a los gobiernos sino a los pueblos, y por lo tanto no podemos seguir permiti\u00e9ndolo\u00bb, asever\u00f3 el presidente argentino al dar apertura formal a la cumbre.<\/p>\n<p>Fern\u00e1ndez record\u00f3 que ha reclamado en distintos escenarios el fin de los bloqueos de los pa\u00edses latinoamericanos que a\u00fan lo padecen, y destac\u00f3 la importancia de levantar la voz en contra de esto.<\/p>\n<p>\u00abCuba lleva un bloqueo ya de m\u00e1s de seis d\u00e9cadas, y eso es imperdonable; Venezuela padece otro tanto, y nosotros tenemos que levantar nuestra voz\u00bb, dijo.<\/p>\n<p>Ante esto se\u00f1al\u00f3 adem\u00e1s que Latinoam\u00e9rica debe trabajar unida para garantizar y fortalecer la institucionalidad de la regi\u00f3n.<\/p>\n<p>Democracia en riesgo por amenazas de ultraderecha<\/p>\n<p>\u00abCreemos en la democracia, y la democracia est\u00e1 definitivamente en riesgo. Despu\u00e9s de la pandemia hemos visto como sectores de la ultraderecha se han puesto de pie, y est\u00e1n amenazando a cada uno de nuestros pueblos\u00bb, agreg\u00f3 Fern\u00e1ndez.<\/p>\n<p>Y agreg\u00f3 que no se puede permitir que esa derecha recalcictrante y fascista ponga en riesgo la institucionalidad de los pueblos latinoamericanos.<\/p>\n<p>Al hablar de los problemas de la regi\u00f3n se\u00f1al\u00f3 que hay que encarar un proceso que lleve hacia la igualdad y la justicia social entre las naciones. \u00abY para eso tenemos que trabajar unidos\u00bb dijo.<\/p>\n<p>En su discurso, Fern\u00e1ndez tambi\u00e9n destac\u00f3 el regreso de Brasil al mecanismo latinoamericano, despu\u00e9s del triunfo electoral del ahora presidente Luiz In\u00e1cio Lula da Silva, refiri\u00f3 Telesur.<\/p>\n<p>Fern\u00e1ndez hizo un resumen de su gesti\u00f3n al frente del foro latinoamericano al tomar la presidencia pro tempore de la Celac.<\/p>\n<p>Asimismo, exhort\u00f3 a los representantes de las naciones presentes profundizar en las relaciones comerciales y pol\u00edticas para hacer de la integraci\u00f3n una realidad.<\/p>\n<p>Con informaci\u00f3n de ultimasnoticias.com.ve<\/p>\n","protected":false},"excerpt":{"rendered":"<p>Este martes el presidente de Argentina, Alberto Fern\u00e1ndez inaugur\u00f3 la VII Cumbre de jefes de Estado de la Comunidad de Estados Latinoamericanos y Caribe\u00f1os (Celac) que re\u00fane a 33 pa\u00edses del continente americano. \u00abLos bloqueos son un m\u00e9todo perverso de sanci\u00f3n no a los gobiernos sino a los pueblos, y por lo tanto no podemos [&hellip;]<\/p>\n","protected":false},"author":19,"featured_media":237126,"comment_status":"closed","ping_status":"closed","sticky":false,"template":"","format":"standard","meta":{"footnotes":""},"categories":[8],"tags":[],"class_list":{"0":"post-237125","1":"post","2":"type-post","3":"status-publish","4":"format-standard","5":"has-post-thumbnail","7":"category-internacionales"},"_links":{"self":[{"href":"https:\/\/elluchador.info\/index.php?rest_route=\/wp\/v2\/posts\/237125","targetHints":{"allow":["GET"]}}],"collection":[{"href":"https:\/\/elluchador.info\/index.php?rest_route=\/wp\/v2\/posts"}],"about":[{"href":"https:\/\/elluchador.info\/index.php?rest_route=\/wp\/v2\/types\/post"}],"author":[{"embeddable":true,"href":"https:\/\/elluchador.info\/index.php?rest_route=\/wp\/v2\/users\/19"}],"replies":[{"embeddable":true,"href":"https:\/\/elluchador.info\/index.php?rest_route=%2Fwp%2Fv2%2Fcomments&post=237125"}],"version-history":[{"count":1,"href":"https:\/\/elluchador.info\/index.php?rest_route=\/wp\/v2\/posts\/237125\/revisions"}],"predecessor-version":[{"id":237127,"href":"https:\/\/elluchador.info\/index.php?rest_route=\/wp\/v2\/posts\/237125\/revisions\/237127"}],"wp:featuredmedia":[{"embeddable":true,"href":"https:\/\/elluchador.info\/index.php?rest_route=\/wp\/v2\/media\/237126"}],"wp:attachment":[{"href":"https:\/\/elluchador.info\/index.php?rest_route=%2Fwp%2Fv2%2Fmedia&parent=237125"}],"wp:term":[{"taxonomy":"category","embeddable":true,"href":"https:\/\/elluchador.info\/index.php?rest_route=%2Fwp%2Fv2%2Fcategories&post=237125"},{"taxonomy":"post_tag","embeddable":true,"href":"https:\/\/elluchador.info\/index.php?rest_route=%2Fwp%2Fv2%2Ftags&post=237125"}],"curies":[{"name":"wp","href":"https:\/\/api.w.org\/{rel}","templated":true}]}}