{"id":237128,"date":"2023-01-24T11:34:09","date_gmt":"2023-01-24T15:34:09","guid":{"rendered":"https:\/\/elluchador.info\/web\/?p=237128"},"modified":"2023-01-24T11:34:09","modified_gmt":"2023-01-24T15:34:09","slug":"venezuela-hizo-llamado-a-la-unidad-y-solidaridad-en-celac-social","status":"publish","type":"post","link":"https:\/\/elluchador.info\/?p=237128","title":{"rendered":"Venezuela hizo llamado a la unidad y solidaridad en CELAC Social"},"content":{"rendered":"<p>El canciller de Venezuela, Yv\u00e1n Gil, arrib\u00f3 el lunes a la ciudad de Buenos Aires, Argentina, para participar en la VII Cumbre de la Comunidad de Estados Latinoamericanos y Caribe\u00f1os (Celac) prevista a realizarse este martes 24 de enero.<\/p>\n<p>As\u00ed lo inform\u00f3 Gil a trav\u00e9s de un mensaje en su cuenta en Twitter, en el que se\u00f1al\u00f3 \u00abSiguiendo las orientaciones del Pdte. @NicolasMaduro arribamos a Buenos Aires, Argentina para participar en VII Cumbre de Jefes(as) de Estado y Gobierno de la CELAC. \u00a1Traemos la voz y verdad del Pueblo Bolivariano!\u00bb, y comparti\u00f3 fotograf\u00eda del momento de su llegada.<\/p>\n<p>Seguidamente, Gil particip\u00f3, junto a movimientos sociales, en el primer foro de la CELAC Social, en Buenos Aires.<\/p>\n<p>En este sentido, dijo \u00abLa voz de Venezuela reson\u00f3 entre los movimientos de la #CelacSocial, haciendo un llamado a la unidad y a la solidaridad, para derrotar los bloqueos y las amenazas del fascismo. #CELACEsUnidad<\/p>\n<p>Asimismo, la presidenta de la Comisi\u00f3n de Desarrollo de las Comunas de la Asamblea Nacional, Blanca Eekhout, particip\u00f3 en la CELAC Social, donde asegur\u00f3 que no habr\u00e1 amenaza imperial que impida el encuentro de los pueblos.<\/p>\n<p>\u00abEstamos participando en la #CelacSocial en Argentina. No habr\u00e1 amenaza imperial que impida el encuentro y el avance de los pueblos \u00a1En unidad venceremos! #ConMaduroVamosPaLante\u00ab, public\u00f3 en su cuenta Twitter.<\/p>\n<p>La intenci\u00f3n de las organizaciones sociales, sindicales, pol\u00edticas, de derechos humanos, pueblos originarios y de g\u00e9nero de la regi\u00f3n, es crear un marco institucional para la integraci\u00f3n regional de los pueblos, y formalizar espacios de di\u00e1logo con los gobiernos.<\/p>\n<p>Venezuela denuncia agresi\u00f3n<\/p>\n<p>M\u00e1s temprano, el lunes, Venezuela denunci\u00f3 un plan de la derecha neofacista para agredir a la delegaci\u00f3n venezolana en la VII Cumbre de la Celac.<\/p>\n<p>La informaci\u00f3n destaca que pretend\u00edan montar un \u201cshow\u201d deplorable contra la delegaci\u00f3n que encabezar\u00eda el presidente Nicol\u00e1s Maduro, a fin de perturbar la cita regional. Por ello, en lugar del mandatario venezolano, asiste a la actividad el canciller Yv\u00e1n Gil.<\/p>\n<p>Con informaci\u00f3n de ultimasnoticias.com.ve<\/p>\n<p>&nbsp;<\/p>\n","protected":false},"excerpt":{"rendered":"<p>El canciller de Venezuela, Yv\u00e1n Gil, arrib\u00f3 el lunes a la ciudad de Buenos Aires, Argentina, para participar en la VII Cumbre de la Comunidad de Estados Latinoamericanos y Caribe\u00f1os (Celac) prevista a realizarse este martes 24 de enero. As\u00ed lo inform\u00f3 Gil a trav\u00e9s de un mensaje en su cuenta en Twitter, en el [&hellip;]<\/p>\n","protected":false},"author":19,"featured_media":237129,"comment_status":"closed","ping_status":"closed","sticky":false,"template":"","format":"standard","meta":{"footnotes":""},"categories":[9],"tags":[],"class_list":{"0":"post-237128","1":"post","2":"type-post","3":"status-publish","4":"format-standard","5":"has-post-thumbnail","7":"category-nacionales"},"_links":{"self":[{"href":"https:\/\/elluchador.info\/index.php?rest_route=\/wp\/v2\/posts\/237128","targetHints":{"allow":["GET"]}}],"collection":[{"href":"https:\/\/elluchador.info\/index.php?rest_route=\/wp\/v2\/posts"}],"about":[{"href":"https:\/\/elluchador.info\/index.php?rest_route=\/wp\/v2\/types\/post"}],"author":[{"embeddable":true,"href":"https:\/\/elluchador.info\/index.php?rest_route=\/wp\/v2\/users\/19"}],"replies":[{"embeddable":true,"href":"https:\/\/elluchador.info\/index.php?rest_route=%2Fwp%2Fv2%2Fcomments&post=237128"}],"version-history":[{"count":1,"href":"https:\/\/elluchador.info\/index.php?rest_route=\/wp\/v2\/posts\/237128\/revisions"}],"predecessor-version":[{"id":237130,"href":"https:\/\/elluchador.info\/index.php?rest_route=\/wp\/v2\/posts\/237128\/revisions\/237130"}],"wp:featuredmedia":[{"embeddable":true,"href":"https:\/\/elluchador.info\/index.php?rest_route=\/wp\/v2\/media\/237129"}],"wp:attachment":[{"href":"https:\/\/elluchador.info\/index.php?rest_route=%2Fwp%2Fv2%2Fmedia&parent=237128"}],"wp:term":[{"taxonomy":"category","embeddable":true,"href":"https:\/\/elluchador.info\/index.php?rest_route=%2Fwp%2Fv2%2Fcategories&post=237128"},{"taxonomy":"post_tag","embeddable":true,"href":"https:\/\/elluchador.info\/index.php?rest_route=%2Fwp%2Fv2%2Ftags&post=237128"}],"curies":[{"name":"wp","href":"https:\/\/api.w.org\/{rel}","templated":true}]}}