{"id":237131,"date":"2023-01-24T11:36:49","date_gmt":"2023-01-24T15:36:49","guid":{"rendered":"https:\/\/elluchador.info\/web\/?p=237131"},"modified":"2023-01-24T11:36:49","modified_gmt":"2023-01-24T15:36:49","slug":"venezuela-y-brasil-revisan-hoja-de-ruta-para-reactivar-la-cooperacion","status":"publish","type":"post","link":"https:\/\/elluchador.info\/?p=237131","title":{"rendered":"Venezuela y Brasil revisan hoja de ruta para reactivar la cooperaci\u00f3n"},"content":{"rendered":"<p>Venezuela y Brasil revisaron este lunes un plan de trabajo para iniciar una hoja de ruta que permita reactivar la cooperaci\u00f3n bilateral, inform\u00f3 el canciller de la Rep\u00fablica, Yv\u00e1n Gil, quien sostuvo un encuentro con su hom\u00f3logo de ese pa\u00eds, Mauro Viera.<\/p>\n<p>El encuentro se llev\u00f3 a cabo en Buenos Aires, Argentina, como parte de la VII Cumbre de Jefas y Jefes de Estado y Gobierno de la Comunidad de Estados Latinoamericanos y Caribe\u00f1os (Celac).<\/p>\n<p>\u00abSostuvimos fraternal encuentro con el Canciller Brasile\u00f1o Mauro Viera en el marco de la VII Cumbre de Jefas y Jefes de Estado y de Gobierno de la Celac, conversamos sobre el plan de trabajo para iniciar la ruta cooperaci\u00f3n entre nuestros pa\u00edses \u00a1Buenos tiempos han iniciado!\u00bb, public\u00f3 el Canciller venezolano en Twitter.<\/p>\n<p>Venezuela y Brasil: restablecen relaciones<\/p>\n<p>Durante el encuentro, los diplom\u00e1ticos reafirmaron la intenci\u00f3n de sus jefes de Estado, Nicol\u00e1s Maduro y Luiz In\u00e1cio Lula da Silva, de restablecer plenamente las relaciones de cooperaci\u00f3n y amistad hist\u00f3rica como naciones vecinas, que se vieron afectadas durante el mandato del expresidente Jair Bolsonaro, refiri\u00f3 una nota de la Canciller\u00eda.<\/p>\n<p>Las relaciones entre Venezuela y Brasil retomaron la senda de las relaciones diplom\u00e1ticas con el triunfo de Lula da Silva el 30 de octubre del a\u00f1o pasado.<\/p>\n<p>Cabe recordar que, el pasado mi\u00e9rcoles, lleg\u00f3 a Venezuela el nuevo encargado de negocios de Brasil en el pa\u00eds, Flavio Helmold Macieira, como parte del restablecimiento de las relaciones entre ambos pa\u00edses.<\/p>\n<p>Con la llegada de Flavio Macieira al pa\u00eds se agilizar\u00e1 la reapertura de la embajada y posterior nombramiento de un embajador.<\/p>\n<p>Este lunes, en una conferencia de prensa, el presidente de Brasil, Luiz In\u00e1cio Lula da Silva, confirm\u00f3 que se restablecer\u00e1n las relaciones con Venezuela, las cuales se paralizaron en 2019 durante la gesti\u00f3n de Jair Bolsonaro, por su respaldo al intento de Golpe de Estado.<\/p>\n<p>Asimismo, Lula da Silva recalc\u00f3, ante el bloqueo contra Venezuela, que el problema se solucionar\u00e1 con di\u00e1logo y no con amenazas de ocupaci\u00f3n.<\/p>\n<p>Con informaci\u00f3n de ultimasnoticias.com.ve<\/p>\n","protected":false},"excerpt":{"rendered":"<p>Venezuela y Brasil revisaron este lunes un plan de trabajo para iniciar una hoja de ruta que permita reactivar la cooperaci\u00f3n bilateral, inform\u00f3 el canciller de la Rep\u00fablica, Yv\u00e1n Gil, quien sostuvo un encuentro con su hom\u00f3logo de ese pa\u00eds, Mauro Viera. El encuentro se llev\u00f3 a cabo en Buenos Aires, Argentina, como parte de [&hellip;]<\/p>\n","protected":false},"author":19,"featured_media":237132,"comment_status":"closed","ping_status":"closed","sticky":false,"template":"","format":"standard","meta":{"footnotes":""},"categories":[8],"tags":[],"class_list":{"0":"post-237131","1":"post","2":"type-post","3":"status-publish","4":"format-standard","5":"has-post-thumbnail","7":"category-internacionales"},"_links":{"self":[{"href":"https:\/\/elluchador.info\/index.php?rest_route=\/wp\/v2\/posts\/237131","targetHints":{"allow":["GET"]}}],"collection":[{"href":"https:\/\/elluchador.info\/index.php?rest_route=\/wp\/v2\/posts"}],"about":[{"href":"https:\/\/elluchador.info\/index.php?rest_route=\/wp\/v2\/types\/post"}],"author":[{"embeddable":true,"href":"https:\/\/elluchador.info\/index.php?rest_route=\/wp\/v2\/users\/19"}],"replies":[{"embeddable":true,"href":"https:\/\/elluchador.info\/index.php?rest_route=%2Fwp%2Fv2%2Fcomments&post=237131"}],"version-history":[{"count":1,"href":"https:\/\/elluchador.info\/index.php?rest_route=\/wp\/v2\/posts\/237131\/revisions"}],"predecessor-version":[{"id":237133,"href":"https:\/\/elluchador.info\/index.php?rest_route=\/wp\/v2\/posts\/237131\/revisions\/237133"}],"wp:featuredmedia":[{"embeddable":true,"href":"https:\/\/elluchador.info\/index.php?rest_route=\/wp\/v2\/media\/237132"}],"wp:attachment":[{"href":"https:\/\/elluchador.info\/index.php?rest_route=%2Fwp%2Fv2%2Fmedia&parent=237131"}],"wp:term":[{"taxonomy":"category","embeddable":true,"href":"https:\/\/elluchador.info\/index.php?rest_route=%2Fwp%2Fv2%2Fcategories&post=237131"},{"taxonomy":"post_tag","embeddable":true,"href":"https:\/\/elluchador.info\/index.php?rest_route=%2Fwp%2Fv2%2Ftags&post=237131"}],"curies":[{"name":"wp","href":"https:\/\/api.w.org\/{rel}","templated":true}]}}