{"id":237149,"date":"2023-01-24T15:56:51","date_gmt":"2023-01-24T19:56:51","guid":{"rendered":"https:\/\/elluchador.info\/web\/?p=237149"},"modified":"2023-01-24T15:56:51","modified_gmt":"2023-01-24T19:56:51","slug":"incendio-intencional-interrumpio-trafico-de-trenes-en-paris","status":"publish","type":"post","link":"https:\/\/elluchador.info\/?p=237149","title":{"rendered":"Incendio \u00abintencional\u00bb interrumpi\u00f3 tr\u00e1fico de trenes en Par\u00eds"},"content":{"rendered":"<p>Este martes 24 de enero, la compa\u00f1\u00eda nacional francesa ferroviaria (SNCF) infom\u00f3 sobre la interrupci\u00f3n de la circulaci\u00f3n de trenes desde y hacia la concurrida estaci\u00f3n parisina del Este por un incendio intencional.<\/p>\n<p>Un portavoz de la SNCF habl\u00f3 de \u00abun acto malintencionado\u00bb para referirse al incendio de cables.<\/p>\n<p>Que se detect\u00f3 a primera hora de la ma\u00f1ana en unas instalaciones de Vaires sur Marne, a las afueras de Par\u00eds, y que impidi\u00f3 el servicio ferroviario desde las 5.00 de la ma\u00f1ana (4.00 GMT).<\/p>\n<p>Una decena de operarios trabajaban en el lugar del incendio con el objetivo de poder restablecer el tr\u00e1fico\u00a0de trenes por la Estaci\u00f3n del Este a partir de las 10.00 horas locales (9.00 GMT)<\/p>\n<p>El ministro de Transportes,\u00a0Cl\u00e9ment Beaune, que en una entrevista a la emisora France Info,\u00a0reconoci\u00f3 que no se sabe todav\u00eda qui\u00e9n est\u00e1 detr\u00e1s del siniestro.<\/p>\n<p>Adem\u00e1s, record\u00f3 que \u00abregularmente\u00bb se producen acciones de ese tipo, por ejemplo para robar material.<\/p>\n<p>Beaune, que mostr\u00f3 su descontento por\u00a0la situaci\u00f3n que afect\u00f3 a \u00abmiles\u00bb de personas, insisti\u00f3 en que ese tipo de actos tienen que\u00a0\u00abser sancionados severamente\u00bb.<\/p>\n<p>La Estaci\u00f3n del Este, es uno de los grandes nudos de comunicaci\u00f3n de la ciudad, pasan varias l\u00edneas de los cercan\u00edas de la capital francesa y es el punto de partida para regionales y trenes de alta velocidad (TGV) con destino al noreste de Francia y a Alemania.<\/p>\n<p>Agencias<\/p>\n","protected":false},"excerpt":{"rendered":"<p>Este martes 24 de enero, la compa\u00f1\u00eda nacional francesa ferroviaria (SNCF) infom\u00f3 sobre la interrupci\u00f3n de la circulaci\u00f3n de trenes desde y hacia la concurrida estaci\u00f3n parisina del Este por un incendio intencional. Un portavoz de la SNCF habl\u00f3 de \u00abun acto malintencionado\u00bb para referirse al incendio de cables. Que se detect\u00f3 a primera hora [&hellip;]<\/p>\n","protected":false},"author":19,"featured_media":237150,"comment_status":"closed","ping_status":"closed","sticky":false,"template":"","format":"standard","meta":{"footnotes":""},"categories":[8],"tags":[],"class_list":{"0":"post-237149","1":"post","2":"type-post","3":"status-publish","4":"format-standard","5":"has-post-thumbnail","7":"category-internacionales"},"_links":{"self":[{"href":"https:\/\/elluchador.info\/index.php?rest_route=\/wp\/v2\/posts\/237149","targetHints":{"allow":["GET"]}}],"collection":[{"href":"https:\/\/elluchador.info\/index.php?rest_route=\/wp\/v2\/posts"}],"about":[{"href":"https:\/\/elluchador.info\/index.php?rest_route=\/wp\/v2\/types\/post"}],"author":[{"embeddable":true,"href":"https:\/\/elluchador.info\/index.php?rest_route=\/wp\/v2\/users\/19"}],"replies":[{"embeddable":true,"href":"https:\/\/elluchador.info\/index.php?rest_route=%2Fwp%2Fv2%2Fcomments&post=237149"}],"version-history":[{"count":1,"href":"https:\/\/elluchador.info\/index.php?rest_route=\/wp\/v2\/posts\/237149\/revisions"}],"predecessor-version":[{"id":237151,"href":"https:\/\/elluchador.info\/index.php?rest_route=\/wp\/v2\/posts\/237149\/revisions\/237151"}],"wp:featuredmedia":[{"embeddable":true,"href":"https:\/\/elluchador.info\/index.php?rest_route=\/wp\/v2\/media\/237150"}],"wp:attachment":[{"href":"https:\/\/elluchador.info\/index.php?rest_route=%2Fwp%2Fv2%2Fmedia&parent=237149"}],"wp:term":[{"taxonomy":"category","embeddable":true,"href":"https:\/\/elluchador.info\/index.php?rest_route=%2Fwp%2Fv2%2Fcategories&post=237149"},{"taxonomy":"post_tag","embeddable":true,"href":"https:\/\/elluchador.info\/index.php?rest_route=%2Fwp%2Fv2%2Ftags&post=237149"}],"curies":[{"name":"wp","href":"https:\/\/api.w.org\/{rel}","templated":true}]}}