{"id":237152,"date":"2023-01-24T16:09:31","date_gmt":"2023-01-24T20:09:31","guid":{"rendered":"https:\/\/elluchador.info\/web\/?p=237152"},"modified":"2023-01-24T16:09:31","modified_gmt":"2023-01-24T20:09:31","slug":"brasil-entrego-credenciales-a-embajador-de-venezuela","status":"publish","type":"post","link":"https:\/\/elluchador.info\/?p=237152","title":{"rendered":"Brasil entreg\u00f3 credenciales a embajador de Venezuela"},"content":{"rendered":"<p>El Gobierno de\u00a0Brasil\u00a0entreg\u00f3 las credenciales a\u00a0Manuel Vicente Vadell, como embajador plenipotenciario de Venezuela<em>.<\/em><\/p>\n<p>En un comunicado, el\u00a0Ministerio de Relaciones Exteriores refirio que el anuncio se conoci\u00f3 tras una reuni\u00f3n del canciller brasile\u00f1o,\u00a0Mauro Vieira, con su par\u00a0Yvan Gil,\u00a0en\u00a0Buenos Aires, Argentina, rese\u00f1\u00f3\u00a0<em>Prensa Latina<\/em>.<\/p>\n<p>Tal agr\u00e9ment (benepl\u00e1cito) es una autorizaci\u00f3n del Estado para recibir a miembros de una misi\u00f3n diplom\u00e1tica de una naci\u00f3n extranjera<\/p>\n<p>El canciller venezolano,\u00a0Yv\u00e1n Gil\u00a0sostuvo este lunes 23, una reuni\u00f3n con su hom\u00f3logo de\u00a0Brasil, Mauro Viera,\u00a0con el fin de revisar la hoja de ruta para iniciar la cooperaci\u00f3n entre las naciones.<\/p>\n<p>El encuentro se llev\u00f3 a cabo en el marco de la\u00a0VII Cumbre de Jefas y Jefes de Estado y Gobierno de la Comunidad de Estados Latinoamericanos y Caribe\u00f1os\u00a0(CELAC).<\/p>\n<p>La informaci\u00f3n la ofreci\u00f3\u00a0Gil\u00a0en su cuenta en la red social Twitter.<\/p>\n<p>\u00abConversamos sobre el plan de trabajo para iniciar la ruta cooperaci\u00f3n entre nuestros pa\u00edses \u00a1Buenos tiempos han iniciado!\u00bb, destac\u00f3.<\/p>\n<p>Diario2001<\/p>\n","protected":false},"excerpt":{"rendered":"<p>El Gobierno de\u00a0Brasil\u00a0entreg\u00f3 las credenciales a\u00a0Manuel Vicente Vadell, como embajador plenipotenciario de Venezuela. En un comunicado, el\u00a0Ministerio de Relaciones Exteriores refirio que el anuncio se conoci\u00f3 tras una reuni\u00f3n del canciller brasile\u00f1o,\u00a0Mauro Vieira, con su par\u00a0Yvan Gil,\u00a0en\u00a0Buenos Aires, Argentina, rese\u00f1\u00f3\u00a0Prensa Latina. Tal agr\u00e9ment (benepl\u00e1cito) es una autorizaci\u00f3n del Estado para recibir a miembros de una [&hellip;]<\/p>\n","protected":false},"author":19,"featured_media":237153,"comment_status":"closed","ping_status":"closed","sticky":false,"template":"","format":"standard","meta":{"footnotes":""},"categories":[9],"tags":[],"class_list":{"0":"post-237152","1":"post","2":"type-post","3":"status-publish","4":"format-standard","5":"has-post-thumbnail","7":"category-nacionales"},"_links":{"self":[{"href":"https:\/\/elluchador.info\/index.php?rest_route=\/wp\/v2\/posts\/237152","targetHints":{"allow":["GET"]}}],"collection":[{"href":"https:\/\/elluchador.info\/index.php?rest_route=\/wp\/v2\/posts"}],"about":[{"href":"https:\/\/elluchador.info\/index.php?rest_route=\/wp\/v2\/types\/post"}],"author":[{"embeddable":true,"href":"https:\/\/elluchador.info\/index.php?rest_route=\/wp\/v2\/users\/19"}],"replies":[{"embeddable":true,"href":"https:\/\/elluchador.info\/index.php?rest_route=%2Fwp%2Fv2%2Fcomments&post=237152"}],"version-history":[{"count":1,"href":"https:\/\/elluchador.info\/index.php?rest_route=\/wp\/v2\/posts\/237152\/revisions"}],"predecessor-version":[{"id":237154,"href":"https:\/\/elluchador.info\/index.php?rest_route=\/wp\/v2\/posts\/237152\/revisions\/237154"}],"wp:featuredmedia":[{"embeddable":true,"href":"https:\/\/elluchador.info\/index.php?rest_route=\/wp\/v2\/media\/237153"}],"wp:attachment":[{"href":"https:\/\/elluchador.info\/index.php?rest_route=%2Fwp%2Fv2%2Fmedia&parent=237152"}],"wp:term":[{"taxonomy":"category","embeddable":true,"href":"https:\/\/elluchador.info\/index.php?rest_route=%2Fwp%2Fv2%2Fcategories&post=237152"},{"taxonomy":"post_tag","embeddable":true,"href":"https:\/\/elluchador.info\/index.php?rest_route=%2Fwp%2Fv2%2Ftags&post=237152"}],"curies":[{"name":"wp","href":"https:\/\/api.w.org\/{rel}","templated":true}]}}