{"id":237178,"date":"2023-01-24T18:18:32","date_gmt":"2023-01-24T22:18:32","guid":{"rendered":"https:\/\/elluchador.info\/web\/?p=237178"},"modified":"2023-01-24T18:18:32","modified_gmt":"2023-01-24T22:18:32","slug":"an-abordara-temas-salariales","status":"publish","type":"post","link":"https:\/\/elluchador.info\/?p=237178","title":{"rendered":"AN abordar\u00e1 temas salariales"},"content":{"rendered":"<p>\u201cEn la pr\u00f3xima reuni\u00f3n de la comisi\u00f3n vamos a invitar a los trabajadores para discutir el tema salarial y social, porque concebimos la econom\u00eda como un mecanismo para el bienestar general, y atenderlos, escucharlos e intercambiar elementos\u201d, expres\u00f3 el diputado Jes\u00fas Far\u00eda, en entrevista para VTV.<\/p>\n<p>Adelant\u00f3 que posteriormente se llevar\u00e1 a cabo un\u00a0encuentro entre la AN, el sector empresarial y privado del pa\u00eds.<\/p>\n<p>En las \u00faltimas semanas, miles de trabajadores se han manifestado para exigir aumentos salariales, puesto que el sueldo m\u00ednimo se sit\u00faa en torno a los 7 d\u00f3lares al mes, mientras que una familia requiere una cantidad 50 veces superior para poder alimentarse.<\/p>\n<p>Por este motivo, Fedec\u00e1maras, la mayor asociaci\u00f3n de empresarios de Venezuela, plante\u00f3 el lunes discutir un incremento del salario m\u00ednimo entre el gobierno, los empresarios y los sindicatos, en el marco de la tercera sesi\u00f3n del Foro de Di\u00e1logo Social, que cuenta con el apoyo t\u00e9cnico de la Organizaci\u00f3n Internacional del Trabajo (OIT), y que se celebrar\u00e1 el 30 de enero.<\/p>\n<p>\u00abReiteramos la urgente necesidad de establecer una discusi\u00f3n sobre el salario m\u00ednimo, donde participen todos los actores involucrados, permitiendo as\u00ed que la decisi\u00f3n que adopte el gobierno nacional responda a las necesidades de trabajadores y empleadores como producto del di\u00e1logo\u00bb, indic\u00f3 Fedec\u00e1maras en una nota de prensa.<\/p>\n<p>El Nacional<\/p>\n","protected":false},"excerpt":{"rendered":"<p>\u201cEn la pr\u00f3xima reuni\u00f3n de la comisi\u00f3n vamos a invitar a los trabajadores para discutir el tema salarial y social, porque concebimos la econom\u00eda como un mecanismo para el bienestar general, y atenderlos, escucharlos e intercambiar elementos\u201d, expres\u00f3 el diputado Jes\u00fas Far\u00eda, en entrevista para VTV. Adelant\u00f3 que posteriormente se llevar\u00e1 a cabo un\u00a0encuentro entre [&hellip;]<\/p>\n","protected":false},"author":19,"featured_media":237179,"comment_status":"closed","ping_status":"closed","sticky":false,"template":"","format":"standard","meta":{"footnotes":""},"categories":[9],"tags":[],"class_list":{"0":"post-237178","1":"post","2":"type-post","3":"status-publish","4":"format-standard","5":"has-post-thumbnail","7":"category-nacionales"},"_links":{"self":[{"href":"https:\/\/elluchador.info\/index.php?rest_route=\/wp\/v2\/posts\/237178","targetHints":{"allow":["GET"]}}],"collection":[{"href":"https:\/\/elluchador.info\/index.php?rest_route=\/wp\/v2\/posts"}],"about":[{"href":"https:\/\/elluchador.info\/index.php?rest_route=\/wp\/v2\/types\/post"}],"author":[{"embeddable":true,"href":"https:\/\/elluchador.info\/index.php?rest_route=\/wp\/v2\/users\/19"}],"replies":[{"embeddable":true,"href":"https:\/\/elluchador.info\/index.php?rest_route=%2Fwp%2Fv2%2Fcomments&post=237178"}],"version-history":[{"count":1,"href":"https:\/\/elluchador.info\/index.php?rest_route=\/wp\/v2\/posts\/237178\/revisions"}],"predecessor-version":[{"id":237180,"href":"https:\/\/elluchador.info\/index.php?rest_route=\/wp\/v2\/posts\/237178\/revisions\/237180"}],"wp:featuredmedia":[{"embeddable":true,"href":"https:\/\/elluchador.info\/index.php?rest_route=\/wp\/v2\/media\/237179"}],"wp:attachment":[{"href":"https:\/\/elluchador.info\/index.php?rest_route=%2Fwp%2Fv2%2Fmedia&parent=237178"}],"wp:term":[{"taxonomy":"category","embeddable":true,"href":"https:\/\/elluchador.info\/index.php?rest_route=%2Fwp%2Fv2%2Fcategories&post=237178"},{"taxonomy":"post_tag","embeddable":true,"href":"https:\/\/elluchador.info\/index.php?rest_route=%2Fwp%2Fv2%2Ftags&post=237178"}],"curies":[{"name":"wp","href":"https:\/\/api.w.org\/{rel}","templated":true}]}}