{"id":237194,"date":"2023-01-24T18:57:04","date_gmt":"2023-01-24T22:57:04","guid":{"rendered":"https:\/\/elluchador.info\/web\/?p=237194"},"modified":"2023-01-24T18:57:04","modified_gmt":"2023-01-24T22:57:04","slug":"barrio-nueva-guayana-tiene-bajones-de-luz-constantes","status":"publish","type":"post","link":"https:\/\/elluchador.info\/?p=237194","title":{"rendered":"Barrio Nueva Guayana tiene bajones de luz constantes"},"content":{"rendered":"<p>Habitantes de la comunidad Nueva Guyana, parroquia Jos\u00e9 Antonio P\u00e1ez de Ciudad Bol\u00edvar, manifiestan tener constantes bajones de luz, situaci\u00f3n que cada a\u00f1o se agrava m\u00e1s, afectando a los vecinos, que pierden sus artefactos electrodom\u00e9sticos, ya que muchos de los bajones en la corriente, da\u00f1an sus equipos.<\/p>\n<p>Marta Prado manifest\u00f3: \u201cLos bajones de la luz nos afecta enormemente, es una situaci\u00f3n que debe mejorar. La mayor\u00eda de los aparatos el\u00e9ctricos se me han quemado: aire, nevera, entre otros. Es necesario que detengan esos bajones de luz\u00bb.<\/p>\n<p>Antonio L\u00f3pez coment\u00f3 \u201chace treinta a\u00f1os atr\u00e1s no ten\u00edamos fallas el\u00e9ctricas, y ahora en vez de mejorar las cosas, vamos de mal en peor. Los pocos aparatos el\u00e9ctricos que tenemos se han ido da\u00f1ando, y \u00bfqui\u00e9n nos repone eso?, si el sueldo tampoco da para comprarse uno nuevo. Nuestro llamado es al presidente de la Rep\u00fablica, que se aboque a resolver este problema que aqueja a todos los estados, unos m\u00e1s que otros, para que los ciudadanos tengamos calidad de servicios b\u00e1sicos en todo el pa\u00eds\u00bb.<\/p>\n<p>Yanitza Mart\u00ednez<\/p>\n","protected":false},"excerpt":{"rendered":"<p>Habitantes de la comunidad Nueva Guyana, parroquia Jos\u00e9 Antonio P\u00e1ez de Ciudad Bol\u00edvar, manifiestan tener constantes bajones de luz, situaci\u00f3n que cada a\u00f1o se agrava m\u00e1s, afectando a los vecinos, que pierden sus artefactos electrodom\u00e9sticos, ya que muchos de los bajones en la corriente, da\u00f1an sus equipos. Marta Prado manifest\u00f3: \u201cLos bajones de la luz [&hellip;]<\/p>\n","protected":false},"author":19,"featured_media":237195,"comment_status":"closed","ping_status":"closed","sticky":false,"template":"","format":"standard","meta":{"footnotes":""},"categories":[2],"tags":[],"class_list":{"0":"post-237194","1":"post","2":"type-post","3":"status-publish","4":"format-standard","5":"has-post-thumbnail","7":"category-comunidad"},"_links":{"self":[{"href":"https:\/\/elluchador.info\/index.php?rest_route=\/wp\/v2\/posts\/237194","targetHints":{"allow":["GET"]}}],"collection":[{"href":"https:\/\/elluchador.info\/index.php?rest_route=\/wp\/v2\/posts"}],"about":[{"href":"https:\/\/elluchador.info\/index.php?rest_route=\/wp\/v2\/types\/post"}],"author":[{"embeddable":true,"href":"https:\/\/elluchador.info\/index.php?rest_route=\/wp\/v2\/users\/19"}],"replies":[{"embeddable":true,"href":"https:\/\/elluchador.info\/index.php?rest_route=%2Fwp%2Fv2%2Fcomments&post=237194"}],"version-history":[{"count":1,"href":"https:\/\/elluchador.info\/index.php?rest_route=\/wp\/v2\/posts\/237194\/revisions"}],"predecessor-version":[{"id":237196,"href":"https:\/\/elluchador.info\/index.php?rest_route=\/wp\/v2\/posts\/237194\/revisions\/237196"}],"wp:featuredmedia":[{"embeddable":true,"href":"https:\/\/elluchador.info\/index.php?rest_route=\/wp\/v2\/media\/237195"}],"wp:attachment":[{"href":"https:\/\/elluchador.info\/index.php?rest_route=%2Fwp%2Fv2%2Fmedia&parent=237194"}],"wp:term":[{"taxonomy":"category","embeddable":true,"href":"https:\/\/elluchador.info\/index.php?rest_route=%2Fwp%2Fv2%2Fcategories&post=237194"},{"taxonomy":"post_tag","embeddable":true,"href":"https:\/\/elluchador.info\/index.php?rest_route=%2Fwp%2Fv2%2Ftags&post=237194"}],"curies":[{"name":"wp","href":"https:\/\/api.w.org\/{rel}","templated":true}]}}