{"id":237217,"date":"2023-01-25T11:01:15","date_gmt":"2023-01-25T15:01:15","guid":{"rendered":"https:\/\/elluchador.info\/web\/?p=237217"},"modified":"2023-01-25T11:01:15","modified_gmt":"2023-01-25T15:01:15","slug":"articular-politicas-que-nos-beneficien-a-todos-luis-arce-sobre-los-retos-de-america-latina-en-la-celac","status":"publish","type":"post","link":"https:\/\/elluchador.info\/?p=237217","title":{"rendered":"\u00abArticular pol\u00edticas que nos beneficien a todos\u00bb: Luis Arce sobre los retos de Am\u00e9rica Latina en la Celac"},"content":{"rendered":"<p>El presidente de Bolivia Luis Arce, concedi\u00f3 una entrevista a RT en Espa\u00f1ol, en la cual habl\u00f3 sobre la Comunidad de Estados Latinoamericanos y Caribe\u00f1os (Celac) y los retos para la Am\u00e9rica Latina.<\/p>\n<p>Al principio de la entrevista, Arce destac\u00f3 que varios pa\u00edses latinoamericanos \u00abhoy se encuentran atravesando situaciones muy especiales\u00bb, y record\u00f3 la situaci\u00f3n en Brasil, donde poco despu\u00e9s de que Lula da Silva asumiera la presidencia tuvieron lugar \u00abacciones violentas en contra de un Gobierno democr\u00e1ticamente elegido\u00bb. \u00abEs un momento muy dif\u00edcil para muchos pa\u00edses y la coyuntura internacional tambi\u00e9n es preocupante\u00bb, indic\u00f3.<\/p>\n<p>Hablando sobre la salida de Brasil de la Celac en 2020 y su reingreso al grupo este a\u00f1o, Arce expres\u00f3 su satisfacci\u00f3n por \u00abel retorno de un pa\u00eds tan importante como Brasil, no solamente en el aspecto econ\u00f3mico, sino tambi\u00e9n pol\u00edtico, social, [teniendo en cuenta] la influencia que tiene Brasil en varios pa\u00edses de la regi\u00f3n\u00bb. \u00abY, sobre todo, ahora s\u00ed ya podemos decir que estamos completos, que somos todos los pa\u00edses que integramos la Celac\u00bb, destac\u00f3.<\/p>\n<p>Estrechar v\u00ednculos con el BRICS<\/p>\n<p>En cuanto a los lazos del grupo con el resto de los pa\u00edses, Arce declar\u00f3 les parece \u00absumamente importante que la Celac pueda estrechar v\u00ednculos con los pa\u00edses del BRICS\u00bb. En medio de una situaci\u00f3n \u00abmuy importante en el mundo. Creemos que los pa\u00edses tienen que tener una lectura amplia de lo que est\u00e1 pasando\u00bb, dijo.<\/p>\n<p>\u00abHoy hay un bloque emergente de una econom\u00eda naciente con un potencial incre\u00edble y hay otro bloque decadente y queda claro que Am\u00e9rica Latina [\u2026] no puede aislarse\u00bb ante estos hechos, afirm\u00f3 el presidente boliviano, a\u00f1adiendo que \u00abBolivia tom\u00f3 esta decisi\u00f3n hace mucho tiempo atr\u00e1s\u00bb.<\/p>\n<p>La inflaci\u00f3n m\u00e1s baja de la regi\u00f3n<\/p>\n<p>Al ser preguntado sobre la baja inflaci\u00f3n en su pa\u00eds, Arce hizo hincapi\u00e9 en que, al asumir el poder, \u00abcambiamos totalmente el modelo econ\u00f3mico\u00bb, detallando que aplican \u00abun modelo econ\u00f3mico social comunitario productivo, un modelo totalmente antineoliberal, un modelo hecho por bolivianos para nuestra econom\u00eda\u00bb.<\/p>\n<p>\u00abCuando asumimos el gobierno, el pa\u00eds estaba en crisis, est\u00e1bamos enfrentando la primera ola de la pandemia, y est\u00e1bamos con el peor comportamiento del producto interno bruto, ten\u00edamos negativo 12 % de crecimiento, [&#8230;] adem\u00e1s del elevad\u00edsimo endeudamiento externo e interno\u00bb, se\u00f1al\u00f3, destacando que recibieron \u00abun pa\u00eds en desastre\u00bb y tuvieron que \u00abaplicar varias medidas\u00bb.<\/p>\n<p>Estos pasos dieron resultados y el a\u00f1o pasado Bolivia ten\u00eda \u00abalrededor de 4 % del crecimiento econ\u00f3mico y, evidentemente, con la inflaci\u00f3n m\u00e1s baja no solamente de la regi\u00f3n\u00bb.<\/p>\n<p>\u00abNosotros estamos viendo que debemos estar entre las tres primeras econom\u00edas con menos inflaci\u00f3n del planeta y eso se debe, repito, a la aplicaci\u00f3n de nuestro propio modelo econ\u00f3mico que enfrenta una crisis econ\u00f3mica que se ve\u00eda venir\u00bb, indic\u00f3 el jefe de Estado boliviano.<\/p>\n<p>Teniendo en cuenta la pandemia y el conflicto b\u00e9lico en Europa, \u00abhemos tratado nuevamente de aplicar nuestro modelo, [que] es un modelo redistribuidor del ingreso, un modelo donde se van cerrando las brechas entre ricos y pobres, un modelo donde estamos reduciendo la extrema pobreza y la pobreza moderada, un modelo econ\u00f3mico nuestro que genera excedentes econ\u00f3micos y que se los redistribuye en la econom\u00eda\u00bb, enfatiz\u00f3.<\/p>\n<p>Cambios en la regi\u00f3n<\/p>\n<p>Expres\u00e1ndose sobre el panorama pol\u00edtico en la regi\u00f3n, el presidente declar\u00f3 que \u00abla derecha internacional, al verse derrotada en las elecciones, busca m\u00e9todos no democr\u00e1ticos para hacerse del poder\u00bb.<\/p>\n<p>\u00abNosotros lo hemos vivido en 2019. [\u2026] Vemos que a nivel de la derecha internacional tambi\u00e9n se tratan de rearticular los grupos para no dejar gobernar, para desestabilizar los Gobiernos populares de izquierda que se van instaurando por voto popular\u00bb, dijo.<\/p>\n<p>\u00abCuando los partidos de izquierda van ganando democr\u00e1ticamente, a los grupos de derecha ya no les conviene la democracia y empiezan a utilizar otros mecanismos que no son democr\u00e1ticos para poder hacerse del Gobierno o por lo menos desestabilizarlos\u00bb, agreg\u00f3.<\/p>\n<p>Sin embargo, se\u00f1al\u00f3 que, \u00aben la medida en que los pa\u00edses de Am\u00e9rica Latina vayamos teniendo el pensamiento m\u00e1s o menos homog\u00e9neo, va a ser mucho m\u00e1s f\u00e1cil poder articular pol\u00edticas que nos beneficien a todos, porque estamos viniendo de gobiernos que han nacido del voto popular, la voluntad popular en las urnas\u00bb.<\/p>\n<p>\u00abEste voto popular, mayoritario en Am\u00e9rica Latina, lo que quiere es que resuelvan sus problemas econ\u00f3micos, que se resuelvan los problemas de las brechas sociales, de las desigualdades, de la pobreza que tienen la mayor parte de los pa\u00edses de la regi\u00f3n\u00bb, afirm\u00f3.<\/p>\n<p>\u00abNosotros somos un Gobierno que trabaja para la mayor\u00eda de la poblaci\u00f3n, para los m\u00e1s empobrecidos, para los discriminados del pasado\u00bb, enfatiz\u00f3. En ese contexto, dijo que, cuando Bolivia ten\u00eda un Gobierno de derecha durante el golpe de Estado en el pa\u00eds, \u00abse dio cuenta que a estos Gobiernos no les interesa el pueblo, les interesan sus bolsillos, les interesan sus propios intereses que tienen de clase. Mientras tanto, los Gobiernos que llegan al poder por voto popular en democracia \u00abson los que van all\u00ed preocup\u00e1ndose por beneficiar y sacar a esa gente de la pobreza, de las desigualdades\u00bb.<\/p>\n<p>Retos<\/p>\n<p>Al ser preguntado sobre los retos actuales en la regi\u00f3n, Arce dijo que hay que \u00absobrevivir ante esto que est\u00e1 ocurriendo en el mundo\u00bb, detallando que se refer\u00eda al conflicto entre Rusia y Ucrania.<\/p>\n<p>Al mismo tiempo, enumer\u00f3 la necesidad de usar \u00abla tecnolog\u00eda para mejorar el est\u00e1ndar de vida, la calidad de vida en nuestros pa\u00edses\u00bb, un \u00e1mbito en el que \u00abfalta mucho por hacer\u00bb.<\/p>\n<p>\u00abCreemos que en Am\u00e9rica Latina podemos generar tecnolog\u00eda propia que nos puede servir para nuestros pa\u00edses. Por lo tanto, es muy importante coordinar y poder aunar los esfuerzos\u00bb, destac\u00f3.<\/p>\n<p>Adem\u00e1s, reiter\u00f3 la necesidad de \u00abintegrar e incorporar a las mujeres. Todav\u00eda hay muchos retos, venimos de una Am\u00e9rica Latina muy desigual, heredada de los Gobiernos neoliberales del pasado\u00bb, que no estaban interesados en \u00abresolver los problemas de la estructura social, sino en resolver los problemas del bolsillo de algunos sectores\u00bb, afirm\u00f3.<\/p>\n<p>\u00abTenemos una deuda acumulada pendiente, y eso es lo que nuestros Gobiernos tienen que acelerar para poder compensar todo y recuperar todo el tiempo perdido en d\u00e9cadas\u00bb, concluy\u00f3 el mandatario.<\/p>\n<p>Con informaci\u00f3n de Actualidad RT.<\/p>\n","protected":false},"excerpt":{"rendered":"<p>El presidente de Bolivia Luis Arce, concedi\u00f3 una entrevista a RT en Espa\u00f1ol, en la cual habl\u00f3 sobre la Comunidad de Estados Latinoamericanos y Caribe\u00f1os (Celac) y los retos para la Am\u00e9rica Latina. Al principio de la entrevista, Arce destac\u00f3 que varios pa\u00edses latinoamericanos \u00abhoy se encuentran atravesando situaciones muy especiales\u00bb, y record\u00f3 la situaci\u00f3n [&hellip;]<\/p>\n","protected":false},"author":19,"featured_media":237218,"comment_status":"closed","ping_status":"closed","sticky":false,"template":"","format":"standard","meta":{"footnotes":""},"categories":[8],"tags":[],"class_list":{"0":"post-237217","1":"post","2":"type-post","3":"status-publish","4":"format-standard","5":"has-post-thumbnail","7":"category-internacionales"},"_links":{"self":[{"href":"https:\/\/elluchador.info\/index.php?rest_route=\/wp\/v2\/posts\/237217","targetHints":{"allow":["GET"]}}],"collection":[{"href":"https:\/\/elluchador.info\/index.php?rest_route=\/wp\/v2\/posts"}],"about":[{"href":"https:\/\/elluchador.info\/index.php?rest_route=\/wp\/v2\/types\/post"}],"author":[{"embeddable":true,"href":"https:\/\/elluchador.info\/index.php?rest_route=\/wp\/v2\/users\/19"}],"replies":[{"embeddable":true,"href":"https:\/\/elluchador.info\/index.php?rest_route=%2Fwp%2Fv2%2Fcomments&post=237217"}],"version-history":[{"count":1,"href":"https:\/\/elluchador.info\/index.php?rest_route=\/wp\/v2\/posts\/237217\/revisions"}],"predecessor-version":[{"id":237219,"href":"https:\/\/elluchador.info\/index.php?rest_route=\/wp\/v2\/posts\/237217\/revisions\/237219"}],"wp:featuredmedia":[{"embeddable":true,"href":"https:\/\/elluchador.info\/index.php?rest_route=\/wp\/v2\/media\/237218"}],"wp:attachment":[{"href":"https:\/\/elluchador.info\/index.php?rest_route=%2Fwp%2Fv2%2Fmedia&parent=237217"}],"wp:term":[{"taxonomy":"category","embeddable":true,"href":"https:\/\/elluchador.info\/index.php?rest_route=%2Fwp%2Fv2%2Fcategories&post=237217"},{"taxonomy":"post_tag","embeddable":true,"href":"https:\/\/elluchador.info\/index.php?rest_route=%2Fwp%2Fv2%2Ftags&post=237217"}],"curies":[{"name":"wp","href":"https:\/\/api.w.org\/{rel}","templated":true}]}}