{"id":237223,"date":"2023-01-25T11:06:18","date_gmt":"2023-01-25T15:06:18","guid":{"rendered":"https:\/\/elluchador.info\/web\/?p=237223"},"modified":"2023-01-25T11:06:18","modified_gmt":"2023-01-25T15:06:18","slug":"ue-y-la-celac-celebraran-el-17-y-18-de-julio-su-primera-cumbre-en-8-anos","status":"publish","type":"post","link":"https:\/\/elluchador.info\/?p=237223","title":{"rendered":"UE y la CELAC celebrar\u00e1n el 17 y 18 de julio su primera cumbre en 8 a\u00f1os"},"content":{"rendered":"<p>Los l\u00edderes de la Uni\u00f3n Europea y la Comunidad de Estados Latinoamericanos y Caribe\u00f1os (CELAC) celebrar\u00e1n su primera cumbre presencial en casi ocho a\u00f1os los pr\u00f3ximos 17 y 18 de julio en Bruselas, bajo la presidencia de Espa\u00f1a del Consejo de la UE, anunciaron este mi\u00e9rcoles ambas instituciones.<\/p>\n<p>El presidente del Consejo Europeo, Charles Michel, y el primer ministro de San Vicente y las Granadinas, Ralph Gonsalves, cuyo pa\u00eds asume la nueva presidencia pro-t\u00e9mpore de la CELAC, as\u00ed lo anunciaron en un comunicado conjunto.<\/p>\n<p>La cumbre UE-CELAC \u201creforzar\u00e1 a\u00fan m\u00e1s\u201d la asociaci\u00f3n birregional de la UE y los pa\u00edses de la CELAC en torno a prioridades compartidas como las transiciones digital y verde, la lucha contra el cambio clim\u00e1tico y la p\u00e9rdida de biodiversidad, la salud, la seguridad alimentaria, la migraci\u00f3n, la seguridad y la gobernanza o la lucha contra la delincuencia transnacional, explicaron.<\/p>\n<p>La reuni\u00f3n tendr\u00e1 lugar durante la presidencia espa\u00f1ola del Consejo de la Uni\u00f3n Europea, que se extender\u00e1 a lo largo del segundo semestre de este a\u00f1o.<\/p>\n<p>La \u00faltima cumbre entre las dos regiones se celebr\u00f3 en Bruselas en septiembre de 2015.<\/p>\n<p>La UE ha insistido en estrechar los lazos con Am\u00e9rica Latina y el Caribe, una regi\u00f3n que considera de mentalidad parecida y con la que comparte valores, para afrontar juntos los actuales retos geopol\u00edticos.<\/p>\n<p>Michel se encuentra en Buenos Aires, donde participa en la cumbre de la CELAC.<\/p>\n<p>Con informaci\u00f3n de EFE.<\/p>\n","protected":false},"excerpt":{"rendered":"<p>Los l\u00edderes de la Uni\u00f3n Europea y la Comunidad de Estados Latinoamericanos y Caribe\u00f1os (CELAC) celebrar\u00e1n su primera cumbre presencial en casi ocho a\u00f1os los pr\u00f3ximos 17 y 18 de julio en Bruselas, bajo la presidencia de Espa\u00f1a del Consejo de la UE, anunciaron este mi\u00e9rcoles ambas instituciones. El presidente del Consejo Europeo, Charles Michel, [&hellip;]<\/p>\n","protected":false},"author":19,"featured_media":237224,"comment_status":"closed","ping_status":"closed","sticky":false,"template":"","format":"standard","meta":{"footnotes":""},"categories":[8],"tags":[],"class_list":{"0":"post-237223","1":"post","2":"type-post","3":"status-publish","4":"format-standard","5":"has-post-thumbnail","7":"category-internacionales"},"_links":{"self":[{"href":"https:\/\/elluchador.info\/index.php?rest_route=\/wp\/v2\/posts\/237223","targetHints":{"allow":["GET"]}}],"collection":[{"href":"https:\/\/elluchador.info\/index.php?rest_route=\/wp\/v2\/posts"}],"about":[{"href":"https:\/\/elluchador.info\/index.php?rest_route=\/wp\/v2\/types\/post"}],"author":[{"embeddable":true,"href":"https:\/\/elluchador.info\/index.php?rest_route=\/wp\/v2\/users\/19"}],"replies":[{"embeddable":true,"href":"https:\/\/elluchador.info\/index.php?rest_route=%2Fwp%2Fv2%2Fcomments&post=237223"}],"version-history":[{"count":1,"href":"https:\/\/elluchador.info\/index.php?rest_route=\/wp\/v2\/posts\/237223\/revisions"}],"predecessor-version":[{"id":237225,"href":"https:\/\/elluchador.info\/index.php?rest_route=\/wp\/v2\/posts\/237223\/revisions\/237225"}],"wp:featuredmedia":[{"embeddable":true,"href":"https:\/\/elluchador.info\/index.php?rest_route=\/wp\/v2\/media\/237224"}],"wp:attachment":[{"href":"https:\/\/elluchador.info\/index.php?rest_route=%2Fwp%2Fv2%2Fmedia&parent=237223"}],"wp:term":[{"taxonomy":"category","embeddable":true,"href":"https:\/\/elluchador.info\/index.php?rest_route=%2Fwp%2Fv2%2Fcategories&post=237223"},{"taxonomy":"post_tag","embeddable":true,"href":"https:\/\/elluchador.info\/index.php?rest_route=%2Fwp%2Fv2%2Ftags&post=237223"}],"curies":[{"name":"wp","href":"https:\/\/api.w.org\/{rel}","templated":true}]}}