{"id":237226,"date":"2023-01-25T11:09:07","date_gmt":"2023-01-25T15:09:07","guid":{"rendered":"https:\/\/elluchador.info\/web\/?p=237226"},"modified":"2023-01-25T11:09:07","modified_gmt":"2023-01-25T15:09:07","slug":"asamblea-nacional-saluda-vii-cumbre-presidencial-de-la-celac","status":"publish","type":"post","link":"https:\/\/elluchador.info\/?p=237226","title":{"rendered":"Asamblea Nacional saluda VII Cumbre Presidencial de la Celac"},"content":{"rendered":"<p>El Poder Legislativo Nacional salud\u00f3 este martes la VII Cumbre Presidencial de la Comunidad de Estados Latinoamericanos y Caribe\u00f1os (Celac), que se desarrolla en Buenos Aires y que re\u00fane a 33 pa\u00edses del continente.<\/p>\n<p>El segundo vicepresidente de la Comisi\u00f3n Permanente de Pol\u00edtica Exterior, Soberan\u00eda e Integraci\u00f3n, diputado Roy Daza (Psuv\/Aragua), expus\u00f3 el tema en la sesi\u00f3n ordinaria de la Asamblea Nacional (AN), alertando al mundo acerca de los grupos neofascistas de la ultraderecha, enemigos de la integraci\u00f3n, que tratan de operar desde estos bloques regionales.<\/p>\n<p>El parlamentario asever\u00f3 que la Celac es un organismo de integraci\u00f3n propuesto por el Comandante Hugo Ch\u00e1vez, quien tuvo la visi\u00f3n de unir a todo el continente, sin la participaci\u00f3n de los pa\u00edses del norte, hecho alcanzado por \u00e9l en su momento como Jefe de Estado.<\/p>\n<p>Agreg\u00f3 que esta cumbre es el renacimiento de la Celac y puntualiz\u00f3 que parte de la agenda de esta reuni\u00f3n son propuestas del mandatario fallecido Hugo Ch\u00e1vez y el presidente de la Rep\u00fablica, Nicol\u00e1s Maduro, como la creaci\u00f3n del Banco del Sur, el Fondo de Estabilizaci\u00f3n Macroecon\u00f3mica, para colaborar entre los pa\u00edses a la hora de las crisis financieras; y el Comercio Interregional, como una palanca para el desarrollo econ\u00f3mico.<\/p>\n<p>Adem\u00e1s, Daza habl\u00f3 de otras propuestas como la cooperaci\u00f3n en ciencia y tecnolog\u00eda y la Ciudadan\u00eda Latinoamericana, que se debati\u00f3 este martes en la cumbre.<\/p>\n<p>Resalt\u00f3 que la Celac fue una organizaci\u00f3n creada para evitar la influencia de los Estados Unidos en la toma de decisiones y subray\u00f3 que el presidente Maduro no asisti\u00f3 a la cumbre por resguardo a su seguridad.<\/p>\n<p>\u201cUn grup\u00fasculo neofascista ha intentado perpetrar una agresi\u00f3n contra el presidente Maduro\u201d, expres\u00f3 al exclamar que la cumbre servir\u00e1 para decirle al imperio que basta ya de bloqueo y sanciones criminales.<\/p>\n<p>Con informaci\u00f3n de www.globovision.com<\/p>\n","protected":false},"excerpt":{"rendered":"<p>El Poder Legislativo Nacional salud\u00f3 este martes la VII Cumbre Presidencial de la Comunidad de Estados Latinoamericanos y Caribe\u00f1os (Celac), que se desarrolla en Buenos Aires y que re\u00fane a 33 pa\u00edses del continente. El segundo vicepresidente de la Comisi\u00f3n Permanente de Pol\u00edtica Exterior, Soberan\u00eda e Integraci\u00f3n, diputado Roy Daza (Psuv\/Aragua), expus\u00f3 el tema en [&hellip;]<\/p>\n","protected":false},"author":19,"featured_media":237227,"comment_status":"closed","ping_status":"closed","sticky":false,"template":"","format":"standard","meta":{"footnotes":""},"categories":[11],"tags":[],"class_list":{"0":"post-237226","1":"post","2":"type-post","3":"status-publish","4":"format-standard","5":"has-post-thumbnail","7":"category-politica"},"_links":{"self":[{"href":"https:\/\/elluchador.info\/index.php?rest_route=\/wp\/v2\/posts\/237226","targetHints":{"allow":["GET"]}}],"collection":[{"href":"https:\/\/elluchador.info\/index.php?rest_route=\/wp\/v2\/posts"}],"about":[{"href":"https:\/\/elluchador.info\/index.php?rest_route=\/wp\/v2\/types\/post"}],"author":[{"embeddable":true,"href":"https:\/\/elluchador.info\/index.php?rest_route=\/wp\/v2\/users\/19"}],"replies":[{"embeddable":true,"href":"https:\/\/elluchador.info\/index.php?rest_route=%2Fwp%2Fv2%2Fcomments&post=237226"}],"version-history":[{"count":1,"href":"https:\/\/elluchador.info\/index.php?rest_route=\/wp\/v2\/posts\/237226\/revisions"}],"predecessor-version":[{"id":237228,"href":"https:\/\/elluchador.info\/index.php?rest_route=\/wp\/v2\/posts\/237226\/revisions\/237228"}],"wp:featuredmedia":[{"embeddable":true,"href":"https:\/\/elluchador.info\/index.php?rest_route=\/wp\/v2\/media\/237227"}],"wp:attachment":[{"href":"https:\/\/elluchador.info\/index.php?rest_route=%2Fwp%2Fv2%2Fmedia&parent=237226"}],"wp:term":[{"taxonomy":"category","embeddable":true,"href":"https:\/\/elluchador.info\/index.php?rest_route=%2Fwp%2Fv2%2Fcategories&post=237226"},{"taxonomy":"post_tag","embeddable":true,"href":"https:\/\/elluchador.info\/index.php?rest_route=%2Fwp%2Fv2%2Ftags&post=237226"}],"curies":[{"name":"wp","href":"https:\/\/api.w.org\/{rel}","templated":true}]}}