{"id":237229,"date":"2023-01-25T11:13:06","date_gmt":"2023-01-25T15:13:06","guid":{"rendered":"https:\/\/elluchador.info\/web\/?p=237229"},"modified":"2023-01-25T11:13:06","modified_gmt":"2023-01-25T15:13:06","slug":"comision-de-desarrollo-social-integral-de-la-an-debate-proyecto-de-ley-de-trabajadores-motorizados","status":"publish","type":"post","link":"https:\/\/elluchador.info\/?p=237229","title":{"rendered":"Comisi\u00f3n de Desarrollo Social Integral de la AN debate Proyecto de Ley de Trabajadores Motorizados"},"content":{"rendered":"<p>La Comisi\u00f3n Permanente de Desarrollo Social Integral de la Asamblea Nacional (AN) debati\u00f3 con el movimiento de motorizados sobre el Proyecto de Ley Especial de las Relaciones Laborales de los Trabajadores Motorizados y las Trabajadoras Motorizadas, que tiene como objeto regular las relaciones laborales en todas sus modalidades con sus patronos y patronas, as\u00ed como establecer los derechos y deberes que derivan de esta actividad a t\u00edtulo individual o dependiente.<\/p>\n<p>As\u00ed lo inform\u00f3 el presidente de la instancia legislativa, diputado Rodolfo Crespo, desde el parque Los Caobos, en Caracas, donde indic\u00f3 que la AN sali\u00f3 a la calle para debatir con este sector los alcances y virtudes de proyecto de ley, como parte de los lineamientos del presidente de la Rep\u00fablica, Nicol\u00e1s Maduro.<\/p>\n<p>Explic\u00f3 que la norma se desprende de la Ley Org\u00e1nica del Trabajo, los Trabajadores y las Trabajadoras (LOTTT), y resalt\u00f3 que este primer encuentro fue fruct\u00edfero porque coincidieron en que el texto legal debe ser redactado por el pueblo legislador, por el sector de motorizados y no solo por los parlamentarios.<\/p>\n<p>Se\u00f1al\u00f3 que en los pr\u00f3ximos d\u00edas la propuesta de ley especial estar\u00e1 siendo debatida en la AN para su primera discusi\u00f3n, en cumplimiento con lo solicitado por el presidente del Poder Legislativo Jorge Rodr\u00edguez.<\/p>\n<p>Al encuentro en el parque Los Caobos acudi\u00f3 el viceministro del Poder Popular para Transporte Terrestre, Claudio Far\u00edas, quien consider\u00f3 que una de las puntas de lanza de la revoluci\u00f3n es la fuerza motorizada, por ser los primeros en salir a la calle para defender el proceso revolucionario.<\/p>\n<p>Con informaci\u00f3n de www.vtv.gob.ve<\/p>\n","protected":false},"excerpt":{"rendered":"<p>La Comisi\u00f3n Permanente de Desarrollo Social Integral de la Asamblea Nacional (AN) debati\u00f3 con el movimiento de motorizados sobre el Proyecto de Ley Especial de las Relaciones Laborales de los Trabajadores Motorizados y las Trabajadoras Motorizadas, que tiene como objeto regular las relaciones laborales en todas sus modalidades con sus patronos y patronas, as\u00ed como [&hellip;]<\/p>\n","protected":false},"author":19,"featured_media":237230,"comment_status":"closed","ping_status":"closed","sticky":false,"template":"","format":"standard","meta":{"footnotes":""},"categories":[11],"tags":[],"class_list":{"0":"post-237229","1":"post","2":"type-post","3":"status-publish","4":"format-standard","5":"has-post-thumbnail","7":"category-politica"},"_links":{"self":[{"href":"https:\/\/elluchador.info\/index.php?rest_route=\/wp\/v2\/posts\/237229","targetHints":{"allow":["GET"]}}],"collection":[{"href":"https:\/\/elluchador.info\/index.php?rest_route=\/wp\/v2\/posts"}],"about":[{"href":"https:\/\/elluchador.info\/index.php?rest_route=\/wp\/v2\/types\/post"}],"author":[{"embeddable":true,"href":"https:\/\/elluchador.info\/index.php?rest_route=\/wp\/v2\/users\/19"}],"replies":[{"embeddable":true,"href":"https:\/\/elluchador.info\/index.php?rest_route=%2Fwp%2Fv2%2Fcomments&post=237229"}],"version-history":[{"count":1,"href":"https:\/\/elluchador.info\/index.php?rest_route=\/wp\/v2\/posts\/237229\/revisions"}],"predecessor-version":[{"id":237231,"href":"https:\/\/elluchador.info\/index.php?rest_route=\/wp\/v2\/posts\/237229\/revisions\/237231"}],"wp:featuredmedia":[{"embeddable":true,"href":"https:\/\/elluchador.info\/index.php?rest_route=\/wp\/v2\/media\/237230"}],"wp:attachment":[{"href":"https:\/\/elluchador.info\/index.php?rest_route=%2Fwp%2Fv2%2Fmedia&parent=237229"}],"wp:term":[{"taxonomy":"category","embeddable":true,"href":"https:\/\/elluchador.info\/index.php?rest_route=%2Fwp%2Fv2%2Fcategories&post=237229"},{"taxonomy":"post_tag","embeddable":true,"href":"https:\/\/elluchador.info\/index.php?rest_route=%2Fwp%2Fv2%2Ftags&post=237229"}],"curies":[{"name":"wp","href":"https:\/\/api.w.org\/{rel}","templated":true}]}}