{"id":237244,"date":"2023-01-25T11:58:36","date_gmt":"2023-01-25T15:58:36","guid":{"rendered":"https:\/\/elluchador.info\/web\/?p=237244"},"modified":"2023-01-25T11:58:36","modified_gmt":"2023-01-25T15:58:36","slug":"productores-venezolanos-participaran-en-evento-hortofruticola-en-italia","status":"publish","type":"post","link":"https:\/\/elluchador.info\/?p=237244","title":{"rendered":"Productores venezolanos participar\u00e1n en evento hortofrut\u00edcola en Italia"},"content":{"rendered":"<p>El ministro para la Agricultura Productiva y Tierras, Wilmar Castro Soteldo, se reuni\u00f3 con empresarios italianos para discutir la participaci\u00f3n de productores hortofrut\u00edcola venezolanos en la 2da edici\u00f3n Macfrut que se celebrar\u00e1 en Italia los d\u00edas 3, 4 y 5 de mayo pr\u00f3ximo en Rimini Expo Center en Italia.<\/p>\n<p>Renzo Piranccini, presidente de la empresa Cesana Fiera, se\u00f1al\u00f3 que Venezuela particip\u00f3 en la 1ra edici\u00f3n que se realiz\u00f3 en Rimini, Italia, donde varios empresarios se dieron a conocer por la calidad de sus productos.<\/p>\n<p>Por otro lado, el titular de la cartera agr\u00edcola destac\u00f3 que adem\u00e1s se realizar\u00e1n visitas de campo para observar las experiencias y promocionar tambi\u00e9n la presencia de los productores en la 2da edici\u00f3n del evento, inform\u00f3 el Ministerio de Agricultura Productiva y Tierras en nota de prensa.<\/p>\n<p>Macfrut es una feria internacional del sector hortofrut\u00edcola, donde se exhiben productos, tecnolog\u00eda y servicios para la producci\u00f3n, comercializaci\u00f3n y transporte de dicho sector.<\/p>\n<p>El evento es posible gracias a un proyecto cofinanciado por el Ministerio italiano de Asuntos Exteriores y Cooperaci\u00f3n Internacional a trav\u00e9s de la Agencia Italiana de Comercio. Representantes del evento informaron que muchas novedades est\u00e1n previstas para la 40\u00aa edici\u00f3n de Macfrut 2023.<\/p>\n<p>Con informaci\u00f3n de ultimasnoticias.com.ve.<\/p>\n","protected":false},"excerpt":{"rendered":"<p>El ministro para la Agricultura Productiva y Tierras, Wilmar Castro Soteldo, se reuni\u00f3 con empresarios italianos para discutir la participaci\u00f3n de productores hortofrut\u00edcola venezolanos en la 2da edici\u00f3n Macfrut que se celebrar\u00e1 en Italia los d\u00edas 3, 4 y 5 de mayo pr\u00f3ximo en Rimini Expo Center en Italia. Renzo Piranccini, presidente de la empresa [&hellip;]<\/p>\n","protected":false},"author":19,"featured_media":237245,"comment_status":"closed","ping_status":"closed","sticky":false,"template":"","format":"standard","meta":{"footnotes":""},"categories":[6],"tags":[],"class_list":{"0":"post-237244","1":"post","2":"type-post","3":"status-publish","4":"format-standard","5":"has-post-thumbnail","7":"category-economia"},"_links":{"self":[{"href":"https:\/\/elluchador.info\/index.php?rest_route=\/wp\/v2\/posts\/237244","targetHints":{"allow":["GET"]}}],"collection":[{"href":"https:\/\/elluchador.info\/index.php?rest_route=\/wp\/v2\/posts"}],"about":[{"href":"https:\/\/elluchador.info\/index.php?rest_route=\/wp\/v2\/types\/post"}],"author":[{"embeddable":true,"href":"https:\/\/elluchador.info\/index.php?rest_route=\/wp\/v2\/users\/19"}],"replies":[{"embeddable":true,"href":"https:\/\/elluchador.info\/index.php?rest_route=%2Fwp%2Fv2%2Fcomments&post=237244"}],"version-history":[{"count":1,"href":"https:\/\/elluchador.info\/index.php?rest_route=\/wp\/v2\/posts\/237244\/revisions"}],"predecessor-version":[{"id":237246,"href":"https:\/\/elluchador.info\/index.php?rest_route=\/wp\/v2\/posts\/237244\/revisions\/237246"}],"wp:featuredmedia":[{"embeddable":true,"href":"https:\/\/elluchador.info\/index.php?rest_route=\/wp\/v2\/media\/237245"}],"wp:attachment":[{"href":"https:\/\/elluchador.info\/index.php?rest_route=%2Fwp%2Fv2%2Fmedia&parent=237244"}],"wp:term":[{"taxonomy":"category","embeddable":true,"href":"https:\/\/elluchador.info\/index.php?rest_route=%2Fwp%2Fv2%2Fcategories&post=237244"},{"taxonomy":"post_tag","embeddable":true,"href":"https:\/\/elluchador.info\/index.php?rest_route=%2Fwp%2Fv2%2Ftags&post=237244"}],"curies":[{"name":"wp","href":"https:\/\/api.w.org\/{rel}","templated":true}]}}