{"id":237259,"date":"2023-01-25T12:32:01","date_gmt":"2023-01-25T16:32:01","guid":{"rendered":"https:\/\/elluchador.info\/web\/?p=237259"},"modified":"2023-01-25T12:32:01","modified_gmt":"2023-01-25T16:32:01","slug":"congreso-peruano-debatira-en-febrero-adelanto-de-elecciones","status":"publish","type":"post","link":"https:\/\/elluchador.info\/?p=237259","title":{"rendered":"Congreso peruano debatir\u00e1 en febrero adelanto de elecciones"},"content":{"rendered":"<p>La Comisi\u00f3n de Constituci\u00f3n del Congreso peruano, aprob\u00f3 este martes el inicio de discusiones del proyecto de adelanto de elecciones en Per\u00fa, para este pr\u00f3ximo 15 de febrero, con 15 votos a favor y 8 en contra, seg\u00fan medios digitales.<\/p>\n<p>Los congresistas de Fuerza Popular, Alianza para el Progreso, Avanza Pa\u00eds y Renovaci\u00f3n Popular, votaron a favor; mientras que los parlamentarios de las bancadas de izquierda se mostraron en contra al se\u00f1alar que el adelanto de elecciones se puede priorizar este 2023 con un refer\u00e9ndum para la asamblea constituyente.<\/p>\n<p>Por su parte, la presidenta interina, Dina Boluarte, convoc\u00f3 al Congreso para que adelante el debate del adelanto de elecciones en el marco de las protestas que se registran en Lima y el interior del pa\u00eds.<\/p>\n<p>El paro nacional que inici\u00f3 el 19 de enero contin\u00faa por quinto d\u00eda consecutivo en el Per\u00fa. A lo largo de estos d\u00edas se han registrado enfrentamientos entre Polic\u00eda Nacional y manifestantes en Lima y las regiones.<\/p>\n<p>Asimismo, ocurrieron eventos como la detenci\u00f3n de ciudadanos en la Universidad San Marcos que caldearon los \u00e1nimos en las protestas y generaron alborotos hasta que luego fueron liberados.<\/p>\n<p>Entretanto, en las pr\u00f3ximas horas se espera la llegada de estudiantes universitarios del interior del pa\u00eds para sumarse a las protestas en Lima.<\/p>\n<p>Con informaci\u00f3n de ultimasnoticias.com.ve.<\/p>\n","protected":false},"excerpt":{"rendered":"<p>La Comisi\u00f3n de Constituci\u00f3n del Congreso peruano, aprob\u00f3 este martes el inicio de discusiones del proyecto de adelanto de elecciones en Per\u00fa, para este pr\u00f3ximo 15 de febrero, con 15 votos a favor y 8 en contra, seg\u00fan medios digitales. Los congresistas de Fuerza Popular, Alianza para el Progreso, Avanza Pa\u00eds y Renovaci\u00f3n Popular, votaron [&hellip;]<\/p>\n","protected":false},"author":19,"featured_media":237260,"comment_status":"closed","ping_status":"closed","sticky":false,"template":"","format":"standard","meta":{"footnotes":""},"categories":[8],"tags":[],"class_list":{"0":"post-237259","1":"post","2":"type-post","3":"status-publish","4":"format-standard","5":"has-post-thumbnail","7":"category-internacionales"},"_links":{"self":[{"href":"https:\/\/elluchador.info\/index.php?rest_route=\/wp\/v2\/posts\/237259","targetHints":{"allow":["GET"]}}],"collection":[{"href":"https:\/\/elluchador.info\/index.php?rest_route=\/wp\/v2\/posts"}],"about":[{"href":"https:\/\/elluchador.info\/index.php?rest_route=\/wp\/v2\/types\/post"}],"author":[{"embeddable":true,"href":"https:\/\/elluchador.info\/index.php?rest_route=\/wp\/v2\/users\/19"}],"replies":[{"embeddable":true,"href":"https:\/\/elluchador.info\/index.php?rest_route=%2Fwp%2Fv2%2Fcomments&post=237259"}],"version-history":[{"count":1,"href":"https:\/\/elluchador.info\/index.php?rest_route=\/wp\/v2\/posts\/237259\/revisions"}],"predecessor-version":[{"id":237261,"href":"https:\/\/elluchador.info\/index.php?rest_route=\/wp\/v2\/posts\/237259\/revisions\/237261"}],"wp:featuredmedia":[{"embeddable":true,"href":"https:\/\/elluchador.info\/index.php?rest_route=\/wp\/v2\/media\/237260"}],"wp:attachment":[{"href":"https:\/\/elluchador.info\/index.php?rest_route=%2Fwp%2Fv2%2Fmedia&parent=237259"}],"wp:term":[{"taxonomy":"category","embeddable":true,"href":"https:\/\/elluchador.info\/index.php?rest_route=%2Fwp%2Fv2%2Fcategories&post=237259"},{"taxonomy":"post_tag","embeddable":true,"href":"https:\/\/elluchador.info\/index.php?rest_route=%2Fwp%2Fv2%2Ftags&post=237259"}],"curies":[{"name":"wp","href":"https:\/\/api.w.org\/{rel}","templated":true}]}}